{"$schema": "https://c3voc.de/schedule/schema.json", "generator": {"name": "pretalx", "version": "2025.2.2"}, "schedule": {"url": "https://programm.pfingst.camp/pfica26/schedule/", "version": "0.7", "base_url": "https://programm.pfingst.camp", "conference": {"acronym": "pfica26", "title": "PfiCa26", "start": "2026-05-22", "end": "2026-05-25", "daysCount": 4, "timeslot_duration": "00:05", "time_zone_name": "Europe/Berlin", "colors": {"primary": "#7ccaad"}, "rooms": [{"name": "Reh 1", "slug": "49-reh-1", "guid": "e5fdcb6e-c276-5b54-9be7-ba6fc876fbb9", "description": null, "capacity": null}, {"name": "Reh 2", "slug": "50-reh-2", "guid": "38ba22e6-c3ac-5f2c-9172-693f6698c2c0", "description": null, "capacity": null}, {"name": "Reh 3", "slug": "51-reh-3", "guid": "af2ecb44-a3ce-5535-b5df-cb424bcd6c5d", "description": null, "capacity": null}, {"name": "Reh 4", "slug": "52-reh-4", "guid": "8c89d593-8927-515d-bb21-6a9d62eb7390", "description": null, "capacity": null}, {"name": "Zirkuszelt", "slug": "54-zirkuszelt", "guid": "f7031ccf-8733-5083-94cf-c01a3d68997e", "description": null, "capacity": null}, {"name": "Radio", "slug": "55-radio", "guid": "22f59e9e-1bde-5426-94f6-c8cf1324dc72", "description": null, "capacity": null}, {"name": "Au\u00dfenb\u00fchne", "slug": "58-auenbuhne", "guid": "8d5319f5-730e-5928-9f4e-c58a3bd9d308", "description": null, "capacity": null}, {"name": "Disco", "slug": "48-disco", "guid": "e37bb187-b6b4-515a-8daa-43aa03af9cc6", "description": null, "capacity": null}, {"name": "Apollo Rehkapsel", "slug": "57-apollo-rehkapsel", "guid": "b404198b-2f96-58b5-acb0-738e1c172ee6", "description": "Unser geiler kleiner Discobungalow", "capacity": null}, {"name": "Au\u00dfenbereich", "slug": "59-auenbereich", "guid": "73a1178f-7cb0-58a9-9540-23a65698ed1f", "description": null, "capacity": null}, {"name": "Veranda", "slug": "60-veranda", "guid": "d7b6f9e8-dd03-58e9-bf86-fcb5b609130f", "description": null, "capacity": null}, {"name": "Bungalow 228", "slug": "61-bungalow-228", "guid": "30745f8d-76ca-5748-9040-a6fc68d03649", "description": null, "capacity": null}], "tracks": [{"name": "Inhalt - Theorie", "slug": "82-inhalt-theorie", "color": "#E12E2E"}, {"name": "Inhalt - politische Praxis", "slug": "83-inhalt-politische-praxis", "color": "#252525"}, {"name": "Inhalt - Praktisches", "slug": "84-inhalt-praktisches", "color": "#252525"}, {"name": "Inhalt - Sonstiges", "slug": "85-inhalt-sonstiges", "color": "#7CFD81"}, {"name": "Kulturprogramm", "slug": "89-kulturprogramm", "color": "#7cfd81"}, {"name": "Musik - DJs", "slug": "86-musik-djs", "color": "#c9ceff"}, {"name": "Musik - Rap/Hiphop", "slug": "87-musik-raphiphop", "color": "#c9ceff"}, {"name": "Musik - Band", "slug": "88-musik-band", "color": "#c9ceff"}], "days": [{"index": 1, "date": "2026-05-22", "day_start": "2026-05-22T04:00:00+02:00", "day_end": "2026-05-23T03:59:00+02:00", "rooms": {"Au\u00dfenb\u00fchne": [{"guid": "2f6f52d3-7278-5322-8cf5-2bbeea95a657", "code": "FWVLVX", "id": 338, "logo": null, "date": "2026-05-22T19:00:00+02:00", "start": "19:00", "duration": "00:45", "room": "Au\u00dfenb\u00fchne", "slug": "pfica26-338-bronkow", "url": "https://programm.pfingst.camp/pfica26/talk/FWVLVX/", "title": "Bronkow", "subtitle": "", "track": "Musik - Rap/Hiphop", "type": "Konzert/Live Auftritt", "language": "de", "abstract": "rap zum regionalbahn- und lastenradfahren\r\n\r\nhttps://www.youtube.com/channel/UCWesJhzoLy-hx7xGvTMQlRQ", "description": "rap zum regionalbahn- und lastenradfahren aus Leipzig\r\n\r\nyt - link zum reinh\u00f6ren: https://www.youtube.com/channel/UCWesJhzoLy-hx7xGvTMQlRQ\r\n\r\ngaligr\u00fc, bronkow", "recording_license": "", "do_not_record": false, "persons": [{"code": "Q9APA9", "name": "BRONKOW", "avatar": null, "biography": "rap zwischen regionalbahn- und lastenradfahren", "public_name": "BRONKOW", "guid": "3eea10bb-751f-5329-9dd3-64750634b53b", "url": "https://programm.pfingst.camp/pfica26/speaker/Q9APA9/"}], "links": [], "feedback_url": "https://programm.pfingst.camp/pfica26/talk/FWVLVX/feedback/", "origin_url": "https://programm.pfingst.camp/pfica26/talk/FWVLVX/", "attachments": []}, {"guid": "4ea12bf1-835f-5c78-8908-8e7a4b68226c", "code": "9JXAGE", "id": 325, "logo": "https://programm.pfingst.camp/media/pfica26/submissions/9JXAGE/2378cd35-2aa3-40ca-9498-3bdea87f_0cKnX53.webp", "date": "2026-05-22T20:00:00+02:00", "start": "20:00", "duration": "01:00", "room": "Au\u00dfenb\u00fchne", "slug": "pfica26-325-band-kotpiloten", "url": "https://programm.pfingst.camp/pfica26/talk/9JXAGE/", "title": "Band - Kotpiloten", "subtitle": "", "track": "Musik - Band", "type": "Konzert/Live Auftritt", "language": "de", "abstract": "Die Kotpiloten sind eine junge Punkband aus Dresden, die sich mit Pippi-Kacka (Tanzen, gr\u00f6len, Lachen, Weinen) Humor der Tristes des Daseins entgegenstellen. \r\nInsta: Kotpiloten_ und Mugge bei Soundcloud", "description": "", "recording_license": "", "do_not_record": false, "persons": [{"code": "KFLMFC", "name": "Kotpiloten", "avatar": null, "biography": "", "public_name": "Kotpiloten", "guid": "fe1f8252-dcf2-55bd-a645-73f2124b0c9c", "url": "https://programm.pfingst.camp/pfica26/speaker/KFLMFC/"}], "links": [], "feedback_url": "https://programm.pfingst.camp/pfica26/talk/9JXAGE/feedback/", "origin_url": "https://programm.pfingst.camp/pfica26/talk/9JXAGE/", "attachments": []}], "Disco": [{"guid": "039489eb-6858-5030-9355-33291691cfd9", "code": "X7EVAM", "id": 351, "logo": null, "date": "2026-05-22T19:00:00+02:00", "start": "19:00", "duration": "02:00", "room": "Disco", "slug": "pfica26-351-power-bingo", "url": "https://programm.pfingst.camp/pfica26/talk/X7EVAM/", "title": "POWER-Bingo", "subtitle": "", "track": "Kulturprogramm", "type": "Kulturbeitrag", "language": "de", "abstract": "H\u00f6ret es ist wieder soweit! \r\nDas allseits beliebten POWER-Bingo zur besten Sendezeit!", "description": "Es wird jede Menge Power und tolle Bingos geben! \r\nFindet einen charmanten Teamnamen, bringt 2-3 Freunde  und ne Menge gute Laune mit und dann kann es auch schon losgehen! \r\nWir freuen uns euch und ihr euch hoffentlich auch auf uns!\r\nIn freudiger Erwartung \r\nJacob, Jenni. M\u00e4x und Tim", "recording_license": "", "do_not_record": false, "persons": [{"code": "RJZ3ZL", "name": "Bingo Crew", "avatar": null, "biography": "", "public_name": "Bingo Crew", "guid": "339243b0-3121-59f2-8f2a-1db52b1a392f", "url": "https://programm.pfingst.camp/pfica26/speaker/RJZ3ZL/"}], "links": [], "feedback_url": "https://programm.pfingst.camp/pfica26/talk/X7EVAM/feedback/", "origin_url": "https://programm.pfingst.camp/pfica26/talk/X7EVAM/", "attachments": []}, {"guid": "a44ca8ed-344d-577e-a8af-20edd358fd12", "code": "ZKFLHT", "id": 350, "logo": null, "date": "2026-05-22T21:00:00+02:00", "start": "21:00", "duration": "02:00", "room": "Disco", "slug": "pfica26-350-flinta-karaoke", "url": "https://programm.pfingst.camp/pfica26/talk/ZKFLHT/", "title": "FLINTA* Karaoke", "subtitle": "", "track": "Kulturprogramm", "type": "Kulturbeitrag", "language": "de", "abstract": "", "description": "", "recording_license": "", "do_not_record": false, "persons": [{"code": "U9G38R", "name": "Jonna K\u00fchl", "avatar": "https://programm.pfingst.camp/media/avatars/0024392F-AEF9-4E7F-85BF-B61A4C5CB462_BciyewG.jpeg", "biography": null, "public_name": "Jonna K\u00fchl", "guid": "268154b5-4405-5906-acf0-6ac92d2c3676", "url": "https://programm.pfingst.camp/pfica26/speaker/U9G38R/"}], "links": [], "feedback_url": "https://programm.pfingst.camp/pfica26/talk/ZKFLHT/feedback/", "origin_url": "https://programm.pfingst.camp/pfica26/talk/ZKFLHT/", "attachments": []}, {"guid": "14c95acc-73ee-5b39-8e5f-d94e77113226", "code": "N3Z7LP", "id": 362, "logo": "https://programm.pfingst.camp/media/pfica26/submissions/N3Z7LP/minirock_5vkidtL_GPdfXBT_HTnqtyl.webp", "date": "2026-05-23T00:00:00+02:00", "start": "00:00", "duration": "01:00", "room": "Disco", "slug": "pfica26-362-minirock", "url": "https://programm.pfingst.camp/pfica26/talk/N3Z7LP/", "title": "Minirock", "subtitle": "", "track": "Musik - Band", "type": "Konzert/Live Auftritt", "language": "de", "abstract": "**Newcomer-Indierockband aus Dresden** mit Haltung, Humor und eigenen Songs \u2013 *Minirock* bringt Energie auf jede B\u00fchne.", "description": "**Minirock** ist eine Newcomer-Indierockband aus Dresden, die sich irgendwo zwischen Rock, Pop, Punk und einer guten Portion Selbstironie bewegt.  \r\n\r\nMit eigenen deutschsprachigen Songs bringen wir ehrliche Texte, eing\u00e4ngige Melodien und eine Live-Energie auf die B\u00fchne, die Spa\u00df macht \u2013 uns und dem Publikum.\r\n\r\nWir nehmen Musik ernst, aber uns selbst nicht zu sehr. Genau daraus entsteht unser Sound: direkt, nahbar und mit einem Augenzwinkern.  \r\n\r\nOb kleinere B\u00fchnen oder gr\u00f6\u00dfere Veranstaltungen \u2013 wir haben Lust zu spielen, uns weiterzuentwickeln und das Publikum mitzunehmen.", "recording_license": "", "do_not_record": false, "persons": [{"code": "EFEVP8", "name": "Minirock", "avatar": "https://programm.pfingst.camp/media/avatars/EFEVP8_khjRoOi.webp", "biography": "**Minirock** ist eine Newcomer-Indierockband aus Dresden, die sich irgendwo zwischen Rock, Pop, Punk und einer guten Portion Selbstironie bewegt.  \r\n\r\nMit eigenen deutschsprachigen Songs bringen wir ehrliche Texte, eing\u00e4ngige Melodien und eine Live-Energie auf die B\u00fchne, die Spa\u00df macht \u2013 uns und dem Publikum.", "public_name": "Minirock", "guid": "5937ef69-8469-540f-a5d2-670110e42eec", "url": "https://programm.pfingst.camp/pfica26/speaker/EFEVP8/"}], "links": [{"title": "Musik auf allen g\u00e4ngigen Streaming Plattformen", "url": "https://distrokid.com/hyperfollow/minirock/donner--blitz", "type": "related"}, {"title": "Instagram", "url": "https://www.instagram.com/minirock.musik/", "type": "related"}], "feedback_url": "https://programm.pfingst.camp/pfica26/talk/N3Z7LP/feedback/", "origin_url": "https://programm.pfingst.camp/pfica26/talk/N3Z7LP/", "attachments": []}], "Apollo Rehkapsel": [{"guid": "f37dca47-8227-5614-8c4c-5890c3f5ad2c", "code": "XU7AR7", "id": 333, "logo": null, "date": "2026-05-22T23:00:00+02:00", "start": "23:00", "duration": "01:00", "room": "Apollo Rehkapsel", "slug": "pfica26-333-taubetauben-hardgroove-set", "url": "https://programm.pfingst.camp/pfica26/talk/XU7AR7/", "title": "TaubeTauben - Hardgroove Set", "subtitle": "", "track": "Musik - DJs", "type": "DJ Set", "language": "de", "abstract": "dunkle harte grooves mit rumble bass und hypnotic snyths", "description": "Moin alle,\r\nwir sind zwei Bedroom-DJs aus Berlin und freuen uns ganz doll bei euch das zweite Mal im Camp zu spielen und den Rehen ordentlich einzuheizen. Wir werden euch in die dark hypnotic world des hardgroove entf\u00fchren...", "recording_license": "", "do_not_record": false, "persons": [{"code": "FEDX3M", "name": "Fabian Steffen", "avatar": null, "biography": "", "public_name": "Fabian Steffen", "guid": "7b9c191e-9e4e-54a0-a07c-0fac61d12ae2", "url": "https://programm.pfingst.camp/pfica26/speaker/FEDX3M/"}, {"code": "ERDGKM", "name": "Hoyer", "avatar": null, "biography": null, "public_name": "Hoyer", "guid": "533beeff-b901-5ab3-858e-8857330ad9ad", "url": "https://programm.pfingst.camp/pfica26/speaker/ERDGKM/"}], "links": [], "feedback_url": "https://programm.pfingst.camp/pfica26/talk/XU7AR7/feedback/", "origin_url": "https://programm.pfingst.camp/pfica26/talk/XU7AR7/", "attachments": []}], "Veranda": [{"guid": "4707a702-73b7-58f9-baa1-02c391883baf", "code": "NKRFZV", "id": 369, "logo": null, "date": "2026-05-22T22:00:00+02:00", "start": "22:00", "duration": "00:30", "room": "Veranda", "slug": "pfica26-369-camp-start-willkommen-orga", "url": "https://programm.pfingst.camp/pfica26/talk/NKRFZV/", "title": "Camp Start: Willkommen & Orga", "subtitle": "", "track": "Inhalt - Sonstiges", "type": "Kulturbeitrag", "language": "de", "abstract": "", "description": "Beim Camp-Auftakt kommen wir am Freitagabend das erste Mal alle zusammen. Hier hei\u00dfen wir euch offiziell willkommen, geben euch einen \u00dcberblick \u00fcber das Camp und teilen die wichtigsten Infos f\u00fcr die n\u00e4chsten Tage.\r\nIhr erfahrt zum Beispiel, wie das Programm aufgebaut ist, welche Orte und Strukturen es gibt und an wen ihr euch bei Fragen wenden k\u00f6nnt. Au\u00dferdem stellen sich zentrale Orga- und Awareness-Strukturen kurz vor.", "recording_license": "", "do_not_record": false, "persons": [{"code": "3TJ8YP", "name": "Pfingstcamp Orga", "avatar": "https://programm.pfingst.camp/media/avatars/3TJ8YP_yf0NSly.webp", "biography": "", "public_name": "Pfingstcamp Orga", "guid": "dfb94a44-1ed6-590c-8e1a-39d3a0f8ac43", "url": "https://programm.pfingst.camp/pfica26/speaker/3TJ8YP/"}], "links": [], "feedback_url": "https://programm.pfingst.camp/pfica26/talk/NKRFZV/feedback/", "origin_url": "https://programm.pfingst.camp/pfica26/talk/NKRFZV/", "attachments": []}]}}, {"index": 2, "date": "2026-05-23", "day_start": "2026-05-23T04:00:00+02:00", "day_end": "2026-05-24T03:59:00+02:00", "rooms": {"Reh 1": [{"guid": "e773380b-8d13-5dad-b610-9ade7a8be329", "code": "J9EEK3", "id": 329, "logo": "https://programm.pfingst.camp/media/pfica26/submissions/J9EEK3/Free_Maja_KPUeZrD_dxpDbAx.webp", "date": "2026-05-23T11:00:00+02:00", "start": "11:00", "duration": "01:30", "room": "Reh 1", "slug": "pfica26-329-der-fall-maja-t-wenn-antifaschismus-kriminalisiert-wird", "url": "https://programm.pfingst.camp/pfica26/talk/J9EEK3/", "title": "Der Fall Maja T.: Wenn Antifaschismus kriminalisiert wird", "subtitle": "", "track": "Inhalt - Theorie", "type": "Input/Vortrag", "language": "de", "abstract": "Vortrag \u00fcber den aktuellen Stand des Prozesses: Maja befindet sich seit fast 2 Jahren in Isolationshaft in Ungarn & wurde im Februar 2026 vom Budapester Landgericht zu 8 Jahren Gef\u00e4ngnis verurteilt.", "description": "Das Verfahren gegen Maja T. geht nach der Urteilsverk\u00fcndung von acht Jahren Gef\u00e4ngnis in die zweite Runde, da sowohl Staatsanwaltschaft als auch Verteidigung Berufung eingelegt haben. W\u00e4hrenddessen ist Maja in ungarischer Untersuchungshaft praktisch lebendig begraben, in einem Land, das l\u00e4ngst kein Rechtsstaat mehr ist. Grundlegende Menschenrechte werden missachtet, und ein faires Verfahren war dort nie gew\u00e4hrleistet. Das Bundesverfassungsgericht hat bereits im Januar 2025 entschieden, dass die Auslieferung Majas nach Ungarn rechtswidrig war, und dennoch bleibt Maja weiterhin unter widrigsten Bedingungen dort in Haft. Die deutsche Bundesregierung ist bislang unt\u00e4tig. Der Fall Maja T. zeigt, wie stark antifaschistisches Engagement in Europa unter Druck steht und kriminalisiert wird. \r\n\r\n\u00dcber den aktuellen Stand des Prozesses und die politischen Hintergr\u00fcnde werde ich einen kurzen Vortrag (circa 20 Minuten) halten und im Anschluss gerne eure Fragen beantworten.", "recording_license": "", "do_not_record": false, "persons": [{"code": "SJWPAR", "name": "Nora Friese-Wendenburg", "avatar": "https://programm.pfingst.camp/media/avatars/SJWPAR_3psqc4g.webp", "biography": "Ich arbeite seit \u00fcber f\u00fcnf Jahren f\u00fcr Martin Schirdewan, unter anderem zum Thema Antifaschismus im Europ\u00e4ischen Parlament. In den letzten zwei Jahren habe ich Maja T. in Untersuchungshaft besucht und zahlreiche Prozesstage in Ungarn begleitet.", "public_name": "Nora Friese-Wendenburg", "guid": "335287b9-985a-5b17-ab68-f01c7c528f7c", "url": "https://programm.pfingst.camp/pfica26/speaker/SJWPAR/"}], "links": [], "feedback_url": "https://programm.pfingst.camp/pfica26/talk/J9EEK3/feedback/", "origin_url": "https://programm.pfingst.camp/pfica26/talk/J9EEK3/", "attachments": []}, {"guid": "920a1dfb-eaff-59df-b536-6466be3c6eb9", "code": "3ATCCN", "id": 376, "logo": null, "date": "2026-05-23T13:30:00+02:00", "start": "13:30", "duration": "01:00", "room": "Reh 1", "slug": "pfica26-376-u18-plenum", "url": "https://programm.pfingst.camp/pfica26/talk/3ATCCN/", "title": "U18 Plenum", "subtitle": "", "track": "Inhalt - Sonstiges", "type": "Input/Vortrag", "language": "de", "abstract": "", "description": "Ein offener Raum f\u00fcr alle unter 18 \u2013 zum Ankommen, Austauschen und Leute kennenlernen. Hier k\u00f6nnt ihr den Tag gemeinsam sortieren, Themen ansprechen oder einfach vorbeischauen.\r\nWenn euch etwas fehlt, nervt oder besch\u00e4ftigt, ist hier Platz daf\u00fcr.\r\nDas Plenum ist freiwillig: ihr entscheidet, wie viel ihr einbringen wollt. Das U18-Team ist auch da und ansprechbar.", "recording_license": "", "do_not_record": false, "persons": [{"code": "3TJ8YP", "name": "Pfingstcamp Orga", "avatar": "https://programm.pfingst.camp/media/avatars/3TJ8YP_yf0NSly.webp", "biography": "", "public_name": "Pfingstcamp Orga", "guid": "dfb94a44-1ed6-590c-8e1a-39d3a0f8ac43", "url": "https://programm.pfingst.camp/pfica26/speaker/3TJ8YP/"}], "links": [], "feedback_url": "https://programm.pfingst.camp/pfica26/talk/3ATCCN/feedback/", "origin_url": "https://programm.pfingst.camp/pfica26/talk/3ATCCN/", "attachments": []}, {"guid": "4f848f9d-b4fa-52b6-9bb2-cf68a3ed5a9f", "code": "BHJ9YP", "id": 342, "logo": null, "date": "2026-05-23T14:30:00+02:00", "start": "14:30", "duration": "02:00", "room": "Reh 1", "slug": "pfica26-342-selbstverteidigungsworkshop-flinta-only", "url": "https://programm.pfingst.camp/pfica26/talk/BHJ9YP/", "title": "Selbstverteidigungsworkshop FLINTA*-only", "subtitle": "", "track": "Inhalt - Praktisches", "type": "Workshop", "language": "de", "abstract": "", "description": "Wir lernen, selbstbewusst aufzutreten und im Notfall Angriffe abzuwehren. Es werden Armbefreiung, W\u00fcrgeabwehr und Umklammerungsbefreiung erlernt. Es sind keine Vorkenntnisse notwendig.", "recording_license": "", "do_not_record": false, "persons": [{"code": "K9D8U8", "name": "Petra Rank", "avatar": "https://programm.pfingst.camp/media/avatars/K9D8U8_niv4Jy9.webp", "biography": "Ich bin seid 40 Jahre im Polizeisportverein Plauen e.V./Sektion Judo als \u00dcbungsleiterin im Kinder und Jugendlichen t\u00e4tig. \r\nViele Jahre war ich selber aktive Judoka.  Selbstverteidigungs- und Selbsbehauptungskurse f\u00fcr Frauen und M\u00e4dchen habe ich in den vergangenen Jahren an der VHS Plauen und in Hof/Saale gegeben.", "public_name": "Petra Rank", "guid": "e564385b-e69d-5780-ba4f-b189ce6fd5c4", "url": "https://programm.pfingst.camp/pfica26/speaker/K9D8U8/"}], "links": [], "feedback_url": "https://programm.pfingst.camp/pfica26/talk/BHJ9YP/feedback/", "origin_url": "https://programm.pfingst.camp/pfica26/talk/BHJ9YP/", "attachments": []}, {"guid": "a77010d1-6359-5728-86aa-42ceea9a7035", "code": "TWBGSW", "id": 313, "logo": null, "date": "2026-05-23T16:30:00+02:00", "start": "16:30", "duration": "01:30", "room": "Reh 1", "slug": "pfica26-313-antisemitismus-und-antikommunismus", "url": "https://programm.pfingst.camp/pfica26/talk/TWBGSW/", "title": "Antisemitismus und Antikommunismus", "subtitle": "", "track": "Inhalt - Theorie", "type": "Workshop", "language": "de", "abstract": "Was ist Antikommunismus? Wie funktioniert er und warum ist er meistens antisemititisch? Im Workshop versuchen wir diese Fragen zu kl\u00e4ren. Der Workshop beinhaltet wenig Frontalinput und legt von aktiver Mitarbeit!", "description": "1. Einstieg \u00fcber Collage mit antikommunitischen Bildern. Ziel: Einstieg in das Thema, Beispiele kennenlernen, erste Gemeinsamkeiten entdecken \r\n2. Textphase \r\nGruppenarbeit mit Zitaten von Hitler, Orwell, Moltke und Max Weber. Ziel:\r\nIn Diskussion herausfinden was die wichtigste Gemeinsamkeit beim Antikommunismus ist, worauf er basiert und warum in einer Massengesellschaft der Antisemitismus notwendiger Bestandteil ist.\r\n3.)\r\nDiskussion \u00fcber antisemititische Karikatur aus dem russischen B\u00fcrgerkrieg nach der Oktoberrevolution. Ziel: Vertiefung Antikommunismus-Antisemitismus-Verbindung\r\n4.) Feedback", "recording_license": "", "do_not_record": false, "persons": [{"code": "ZW7M8D", "name": "Michael Ulbig", "avatar": null, "biography": "Seit 2019 im Verband, Schatzmeister in Bayern, im L\u00e4nderratspr\u00e4sidium, aktiv in der BG F\u00fcrth \r\nStudiere Geschichte/Soziologie im Bachelor", "public_name": "Michael Ulbig", "guid": "ccfe7ac5-3186-5e8b-b6a5-651d11199bdd", "url": "https://programm.pfingst.camp/pfica26/speaker/ZW7M8D/"}], "links": [], "feedback_url": "https://programm.pfingst.camp/pfica26/talk/TWBGSW/feedback/", "origin_url": "https://programm.pfingst.camp/pfica26/talk/TWBGSW/", "attachments": []}], "Reh 2": [{"guid": "001b8832-4e80-5b8f-b85b-ab69019116b2", "code": "E8QSZX", "id": 318, "logo": null, "date": "2026-05-23T11:00:00+02:00", "start": "11:00", "duration": "01:30", "room": "Reh 2", "slug": "pfica26-318-kapitalismuskritik-in-der-globalisierten-welt", "url": "https://programm.pfingst.camp/pfica26/talk/E8QSZX/", "title": "Kapitalismuskritik in der globalisierten Welt", "subtitle": "", "track": "Inhalt - Theorie", "type": "Input/Vortrag", "language": "de", "abstract": "Dieser Vortrag besch\u00e4ftigt sich mit der grundlegenden Funktionsweise des Kapitalismus im 21. Jahrhundert und der Frage, welche politischen Spielr\u00e4ume in ihm bleiben.", "description": "Egal, ob wir den Kapitalismus g\u00e4nzlich abschaffen wollen, oder uns realpolitisch bem\u00fchen seine schlimmsten Folgen zu mildern, die Voraussetzung ist, dass wir verstehen, wie er funktioniert. Gut gemeint ist leider oft das Gegenteil von gut. Dies trifft auch auf politische Ma\u00dfnahmen zu, welche die Funktionsweise des Kapitalismus ignorieren. Die Fundamentalanalyse des Kapitalismus hat Marx in seiner Kritik der politischen \u00d6konomie beschrieben. Wir besch\u00e4ftigen uns daher zun\u00e4chst mit den inneren Sachzw\u00e4ngen des Kapitalismus insbesondere der Konkurrenz. Selbstverst\u00e4ndlich hat sich der Kapitalismus im 21. Jahrhundert weiterentwickelt: Auch die Situation eines globalen Weltmarkts mit multinationalen Konzernen wird daher beleuchtet. Das Kapital ist hier nicht l\u00e4nger an einen Staat gebunden, was die Staaten in eine Standortkonkurrenz untereinander zwingt. Auf Basis dieser Erkenntnisse widmen wir uns der Frage, welchen Spielraum eine linke politische Praxis \u00fcberhaupt hat.", "recording_license": "", "do_not_record": false, "persons": [{"code": "9J73NB", "name": "Jan Eufinger", "avatar": null, "biography": "Jan Eufinger hat Sozialwissenschaft und Philosophie studiert. Er arbeitet und promoviert in der Philosophie an der FernUniversit\u00e4t in Hagen. Er ist Mitglied der Gesellschaft f\u00fcr kritische Bildung und schreibt f\u00fcr verschiedene Medien.", "public_name": "Jan Eufinger", "guid": "8984c14f-e629-5cfc-9507-2bc9bce81296", "url": "https://programm.pfingst.camp/pfica26/speaker/9J73NB/"}], "links": [], "feedback_url": "https://programm.pfingst.camp/pfica26/talk/E8QSZX/feedback/", "origin_url": "https://programm.pfingst.camp/pfica26/talk/E8QSZX/", "attachments": []}, {"guid": "c9fe7a5c-6424-50ac-a000-24099e2dfcc2", "code": "8FB8XB", "id": 315, "logo": null, "date": "2026-05-23T14:30:00+02:00", "start": "14:30", "duration": "02:00", "room": "Reh 2", "slug": "pfica26-315-ein-europa-zwei-parteien-aber-wieso", "url": "https://programm.pfingst.camp/pfica26/talk/8FB8XB/", "title": "Ein Europa zwei Parteien. Aber wieso?", "subtitle": "", "track": "Inhalt - Theorie", "type": "Input/Vortrag", "language": "de", "abstract": "Zwei europ\u00e4ische Linksparteien, eine Spaltung: Wir beleuchten die Hintergr\u00fcnde der Neugr\u00fcndung der \u201eEuropean Left Alliance\", ihre Unterschiede zur \u201eThe Left\" \u2013 und blicken gemeinsam in die Zukunft der europ\u00e4ischen Linken.", "description": "Wir besch\u00e4ftigen uns mit zwei europ\u00e4ischen Linksparteien: \u201eEuropean Left\" (EL) und der neu gegr\u00fcndeten \u201eEuropean Left Alliance\" (ELA).\r\nDabei beleuchten wir die Hintergr\u00fcnde der Neugr\u00fcndung der ELA und arbeiten die strukturellen sowie inhaltlichen Unterschiede beider Parteien heraus. \r\nWir gehen der Frage nach, was der unterschied zwischen den heutigen Mitgliedsorganisationen der ELA von der EL sind und was das f\u00fcr die Linke in Europa bedeutet.\r\nDazu werfen wir einen kurzen Blick auf die Geschichte von \u201eEuropean Left\" (EL) und die Entstehung der \u201eEuropean Left Alliance\".\r\nAu\u00dferdem gibt es einen Reisebericht mit pers\u00f6nlichen Eindr\u00fccken vom Sommercamp der Jugendorganisation der \u201eEuropean Left Alliance\".\r\nDen Abschluss bildet ein gemeinsamer Blick in die Zukunft der europ\u00e4ischen Linken, gefolgt von einer offenen Diskussion.", "recording_license": "", "do_not_record": false, "persons": [{"code": "YYGU99", "name": "Adrian Hartig", "avatar": "https://programm.pfingst.camp/media/avatars/YYGU99_i7Kg0tA.webp", "biography": "seit 2020 Mitglied im Jugendverband\r\nMitglied der AG-Internationales der Linksjugend\r\njugendpolischer Sprecher Die Linke Erfurt", "public_name": "Adrian Hartig", "guid": "90bd7ea4-6fd3-57a0-bca6-28d45ba804c0", "url": "https://programm.pfingst.camp/pfica26/speaker/YYGU99/"}, {"code": "LKNB93", "name": "malu", "avatar": null, "biography": "Ich bin malu. Bin in Th\u00fcringen aktiv und mache seit einiger Zeit Bildungsarbeit vor allem bei der Linksjugend.", "public_name": "malu", "guid": "725f6915-e928-5468-baad-21e9d80daf65", "url": "https://programm.pfingst.camp/pfica26/speaker/LKNB93/"}], "links": [], "feedback_url": "https://programm.pfingst.camp/pfica26/talk/8FB8XB/feedback/", "origin_url": "https://programm.pfingst.camp/pfica26/talk/8FB8XB/", "attachments": []}, {"guid": "356f5d13-0e66-5fbd-b55f-1c792d4ca012", "code": "MGBRXX", "id": 330, "logo": null, "date": "2026-05-23T16:30:00+02:00", "start": "16:30", "duration": "01:30", "room": "Reh 2", "slug": "pfica26-330-for-the-struggles-carries-on-3-fallstudien-zu-linker-erneuerung-in-grobritannien-irland-und-den-usa", "url": "https://programm.pfingst.camp/pfica26/talk/MGBRXX/", "title": "For the struggles carries on - 3 Fallstudien zu linker Erneuerung in Gro\u00dfbritannien, Irland und den USA", "subtitle": "", "track": "Inhalt - politische Praxis", "type": "Input/Vortrag", "language": "de", "abstract": "Ein Vortrag zu neuen Entwicklungen in der amerikanischen, britischen und irischen Linken anhand von 3 Fallstudien", "description": "Im vergangenen Jahr sind im Social Media Feeds vieler Linker hierzulande eher \u00fcberraschend Erfolgsgeschichten die man nicht so sehr auf dem Schirm hatte aufgetaucht. Vom Aufstieg einer \u00f6kopopulistischen Partei in England, zu einer erfolgreichen linken irischen Pr\u00e4sidentschaftskampagne und der Wahl eines sozialistischen B\u00fcrgermeisters in New York City. Wie sind diese Entwicklungen allgemein in die Lage der politischen Linken in ihren L\u00e4ndern einzuordnen und was sind Aspekte die auch f\u00fcr uns interessant sein k\u00f6nnten? - Dieser Vortrag widmet sich genau diesen Fragen.", "recording_license": "", "do_not_record": false, "persons": [{"code": "DULGRH", "name": "Leon M. Walter", "avatar": "https://programm.pfingst.camp/media/avatars/IMG_20250418_171851_8OTXfCB.jpg", "biography": "Jugendpolitischer Sprecher im Landesvorstand Die Linke Th\u00fcringen", "public_name": "Leon M. Walter", "guid": "97325bc4-11c7-55dc-add3-d0c5a11659c5", "url": "https://programm.pfingst.camp/pfica26/speaker/DULGRH/"}], "links": [], "feedback_url": "https://programm.pfingst.camp/pfica26/talk/MGBRXX/feedback/", "origin_url": "https://programm.pfingst.camp/pfica26/talk/MGBRXX/", "attachments": []}], "Reh 3": [{"guid": "dbdca1d2-32db-503d-8b53-4b6a665e7689", "code": "HXQBS8", "id": 336, "logo": null, "date": "2026-05-23T11:00:00+02:00", "start": "11:00", "duration": "01:30", "room": "Reh 3", "slug": "pfica26-336-steuern-steuererklarung-bah", "url": "https://programm.pfingst.camp/pfica26/talk/HXQBS8/", "title": "Steuern, Steuererkl\u00e4rung \u2013 B\u00e4h?!", "subtitle": "", "track": "Inhalt - Praktisches", "type": "Input/Vortrag", "language": "de", "abstract": "Du hat einen Job? Zahlst Steuern? \r\nWir holen uns mit dir zusammen dein Geld vom Staat f\u00fcr die gute Sache zur\u00fcck!", "description": "Steuern & Steuererkl\u00e4rung \u2013 furztrocken, langweilig und anstrengend?\r\nMag sein\u2026 wir geben Einblick ins deutsche Steuersystem, wie du deine Steuererkl\u00e4rung so machen kannst, dass am Ende mehr Geld f\u00fcr dich und die gute Sache h\u00e4ngen bleibt!\r\nDu kannst au\u00dferdem alle Fragen loswerden, die du schon immer mal zum Deutschen Einkommensteuerssystem hattest.\r\n\r\n*Vorerfahrung ist grunds\u00e4tzlich nicht erforderlich, aber bietet sich f\u00fcr Menschen an, die steuerpflichtiges Einkommen haben.*", "recording_license": "", "do_not_record": false, "persons": [{"code": "RUJMFU", "name": "Matze", "avatar": null, "biography": "", "public_name": "Matze", "guid": "96ec48e4-99ec-5f54-ab11-c530faf26c4a", "url": "https://programm.pfingst.camp/pfica26/speaker/RUJMFU/"}], "links": [], "feedback_url": "https://programm.pfingst.camp/pfica26/talk/HXQBS8/feedback/", "origin_url": "https://programm.pfingst.camp/pfica26/talk/HXQBS8/", "attachments": []}, {"guid": "6887da86-4987-5d9b-a7a1-0c21c77846d7", "code": "WQMGPN", "id": 344, "logo": null, "date": "2026-05-23T14:30:00+02:00", "start": "14:30", "duration": "01:30", "room": "Reh 3", "slug": "pfica26-344-projektionsflache-connewitz-oder-wie-konnen-wir-gegen-linke-strukturen-vor-autoritarer-landnahme-bewahren", "url": "https://programm.pfingst.camp/pfica26/talk/WQMGPN/", "title": "Projektionsfl\u00e4che Connewitz, oder wie k\u00f6nnen wir gegen linke Strukturen vor autorit\u00e4rer Landnahme bewahren?", "subtitle": "", "track": "Inhalt - politische Praxis", "type": "Input/Vortrag", "language": "de", "abstract": "", "description": "Connewitz ist Sehnsuchtsort f\u00fcr viele Linke, den (extremen) Rechten und Sicherheitsbeh\u00f6rden ist es ein Dorn im Auge. Seit geraumer Zeit ist der Stadtteil aber auch im Visier von autorit\u00e4ren Linken und solchen, die die Probleme der Welt \u00fcber die Befreiung Pal\u00e4stinas zu l\u00f6sen behaupten versuchen.\r\nDer Stadtteil fungiert als Projektionsfl\u00e4che f\u00fcr Viele(s). Gerade die Anfeindungen aus verschiedenen politischen Ecken machen deutlich, dass Errungenes nicht nur verteidigt werden  muss, sondern auch im permanenten Weiterentwicklungsprozess sein sollte. \r\nJule Nagel zeichnet in einem Input die Geschichte Connewitz', die Entstehung des linXXnet und die Befruchtung der Positionen der Partei durch Debatten der emanzipatorischen Linken nach. Ziel ist es Strategieans\u00e4tze zu diskutieren, die emanzipatorische, nicht-autorit\u00e4re Flanke der Linken und Linksjugend zu st\u00e4rken.", "recording_license": "", "do_not_record": false, "persons": [{"code": "JPLMCL", "name": "Jule Nagel", "avatar": null, "biography": "Jule kommt aus Leipzig & ist Seniorin der Linken. 1999 in die Partei eingetreten, seit 2014 Mitglied des Landtages, jeweils direkt gew\u00e4hlt im Leipziger S\u00fcden. Mit dem linXXnet ist sie eng mit der au\u00dferparlamentarischen (radikalen) Linken verbunden & durch diese beeinflusst. J\u00fcngst ist sie zur Zielscheibe von Anfeindungen von autorit\u00e4ren Linke geworden.", "public_name": "Jule Nagel", "guid": "e4d29ef4-22df-54d0-84d4-772a81b630c8", "url": "https://programm.pfingst.camp/pfica26/speaker/JPLMCL/"}], "links": [], "feedback_url": "https://programm.pfingst.camp/pfica26/talk/WQMGPN/feedback/", "origin_url": "https://programm.pfingst.camp/pfica26/talk/WQMGPN/", "attachments": []}, {"guid": "ba07e752-0b53-564f-a5ed-65e279fe42bd", "code": "UTZM8F", "id": 323, "logo": "https://programm.pfingst.camp/media/pfica26/submissions/UTZM8F/Screenshot_2026-01-30_003914_6kg_PUVPEkp.webp", "date": "2026-05-23T16:30:00+02:00", "start": "16:30", "duration": "01:30", "room": "Reh 3", "slug": "pfica26-323-take-it-easy-but-take-it", "url": "https://programm.pfingst.camp/pfica26/talk/UTZM8F/", "title": "\"Take it easy, but take it!\"", "subtitle": "", "track": "Inhalt - Theorie", "type": "Input/Vortrag", "language": "de", "abstract": "Klassenk\u00e4mpfe in den USA vom ersten 1. Mai bis heute", "description": "Von den Urspr\u00fcngen des 1. Mai 1886 \u00fcber die Wobblies (IWW) und die Massenstreiks und Besetzungen der 1930er Jahre bis zu j\u00fcngeren Beispielen wie Occupy Oakland und den Minnesota General Strike wird es um den enormen Einfluss der Klassenauseinandersetzungen in den USA auf die dortige Gesellschaft, ihre Folklore und Popul\u00e4rkultur wie auch auf K\u00e4mpfe anderswo gehen, desweiteren um rassistische, faschistische und neoliberale Gegenbewegungen.", "recording_license": "", "do_not_record": false, "persons": [{"code": "MCS9MM", "name": "Daniel Kulla", "avatar": "https://programm.pfingst.camp/media/avatars/MCS9MM_I4OWMIj.webp", "biography": "Kulla kommt aus der DDR, schreibt und spricht \u00fcber Klassenkampf und Ideologie in Geschichte und Gegenwart, bloggt auf classless.org", "public_name": "Daniel Kulla", "guid": "d10503b0-82b5-5561-8b6a-9df60fcd0bae", "url": "https://programm.pfingst.camp/pfica26/speaker/MCS9MM/"}], "links": [], "feedback_url": "https://programm.pfingst.camp/pfica26/talk/UTZM8F/feedback/", "origin_url": "https://programm.pfingst.camp/pfica26/talk/UTZM8F/", "attachments": []}], "Reh 4": [{"guid": "4d1af3e5-a963-5135-8bfb-35cb5452f666", "code": "ZMNEFG", "id": 347, "logo": null, "date": "2026-05-23T11:00:00+02:00", "start": "11:00", "duration": "01:30", "room": "Reh 4", "slug": "pfica26-347-grundlagen-antisemitismus", "url": "https://programm.pfingst.camp/pfica26/talk/ZMNEFG/", "title": "Grundlagen - Antisemitismus", "subtitle": "", "track": "Inhalt - Theorie", "type": "Input/Vortrag", "language": "de", "abstract": "Grundlagen des Antisemitismus \u2013 Geschichte, Erscheinungsformen und Gegenwart\r\nVortrag mit Angela Fuchs", "description": "Antisemitismus ist kein Relikt der Vergangenheit, sondern eine reale Gefahr f\u00fcr vor allem j\u00fcdische Menschen  und gesellschaftlichen Zusammenhalt. Wir beleuchten die historischen Wurzeln judenfeindlicher Ideologien \u2013 von der Antike im R\u00f6misches Reich \u00fcber die Verfolgungen im Mittelalter, etwa w\u00e4hrend der Kreuzz\u00fcge, bis hin zum modernen, rassistisch begr\u00fcndeten Antisemitismus des 19. Jahrhunderts.", "recording_license": "", "do_not_record": false, "persons": [{"code": "3NXXTQ", "name": "LAG Shalom", "avatar": null, "biography": "Die LAG Shalom ist die Vertretung der Parteimitglieder, Gastmitglieder sowie parteilosen Sympathisant:innen der Partei Die Linke, die sich f\u00fcr den Schutz j\u00fcdischen Lebens, die Bek\u00e4mpfung von Antisemitismus und Antizionismus, die F\u00f6rderung der Erinnerungskultur sowie die Solidarit\u00e4t mit Israel als Schutzraum j\u00fcdischen Lebens politisch einsetzen.", "public_name": "LAG Shalom", "guid": "96f52dc1-81fb-5171-99c2-42e9c4419ce7", "url": "https://programm.pfingst.camp/pfica26/speaker/3NXXTQ/"}], "links": [], "feedback_url": "https://programm.pfingst.camp/pfica26/talk/ZMNEFG/feedback/", "origin_url": "https://programm.pfingst.camp/pfica26/talk/ZMNEFG/", "attachments": []}, {"guid": "81407018-dc97-5ff4-b426-7c5c828fc81c", "code": "YWTSQK", "id": 331, "logo": null, "date": "2026-05-23T14:30:00+02:00", "start": "14:30", "duration": "01:30", "room": "Reh 4", "slug": "pfica26-331-geschichte-des-antisemitismus-und-des-arabisch-israelischen-konflikts-teil-1", "url": "https://programm.pfingst.camp/pfica26/talk/YWTSQK/", "title": "Geschichte des Antisemitismus und des arabisch-israelischen Konflikts (Teil 1)", "subtitle": "", "track": "Inhalt - Theorie", "type": "Workshop", "language": "de", "abstract": "", "description": "Im ersten Teil werden wir uns mit der Geschichte des Antisemitismus im Kontext des arabisch-israelischen Konflikts auseinandersetzen. Wir werden uns mit zentralen Konfliktgegenst\u00e4nden wie Flucht, dem Status von Jerusalem, Grenzfragen und Siedlungen befassen und m\u00f6gliche Zukunftsperspektiven diskutieren.", "recording_license": "", "do_not_record": false, "persons": [{"code": "PDM7ZN", "name": "zadeh@mideastfreedomforum.org", "avatar": null, "biography": "", "public_name": "zadeh@mideastfreedomforum.org", "guid": "b721e85e-c537-5bec-bfda-71d64bed55ac", "url": "https://programm.pfingst.camp/pfica26/speaker/PDM7ZN/"}], "links": [], "feedback_url": "https://programm.pfingst.camp/pfica26/talk/YWTSQK/feedback/", "origin_url": "https://programm.pfingst.camp/pfica26/talk/YWTSQK/", "attachments": []}, {"guid": "a5aab2ee-db3b-5cf7-8730-2a4e8dc7858d", "code": "UF3AYG", "id": 332, "logo": null, "date": "2026-05-23T16:00:00+02:00", "start": "16:00", "duration": "01:30", "room": "Reh 4", "slug": "pfica26-332-geschichte-des-antisemitismus-und-des-arabisch-israelischen-konflikts-teil-2", "url": "https://programm.pfingst.camp/pfica26/talk/UF3AYG/", "title": "Geschichte des Antisemitismus und des arabisch-israelischen Konflikts (Teil 2)", "subtitle": "", "track": "Inhalt - Theorie", "type": "Input/Vortrag", "language": "de", "abstract": "", "description": "Im zweiten Teil werden wir uns mit dem modernen Antisemitismus in seiner israelbezogenen Variante seit dem 7. Oktober 2023 auseinandersetzen. Hier werden wir die historische Perspektive aus dem ersten Teil aufgreifen und mit gegenw\u00e4rtiger Analyse und Logik des Antisemitismus erg\u00e4nzen.", "recording_license": "", "do_not_record": false, "persons": [{"code": "PDM7ZN", "name": "zadeh@mideastfreedomforum.org", "avatar": null, "biography": "", "public_name": "zadeh@mideastfreedomforum.org", "guid": "b721e85e-c537-5bec-bfda-71d64bed55ac", "url": "https://programm.pfingst.camp/pfica26/speaker/PDM7ZN/"}], "links": [], "feedback_url": "https://programm.pfingst.camp/pfica26/talk/UF3AYG/feedback/", "origin_url": "https://programm.pfingst.camp/pfica26/talk/UF3AYG/", "attachments": []}], "Zirkuszelt": [{"guid": "10103136-13f1-530b-8579-34a2cefcef45", "code": "VPPFCT", "id": 359, "logo": null, "date": "2026-05-23T16:30:00+02:00", "start": "16:30", "duration": "01:30", "room": "Zirkuszelt", "slug": "pfica26-359-das-geisterhafte-nachleben-der-ddr", "url": "https://programm.pfingst.camp/pfica26/talk/VPPFCT/", "title": "Das geisterhafte Nachleben der DDR", "subtitle": "", "track": "Inhalt - Theorie", "type": "Input/Vortrag", "language": "de", "abstract": "Es geht um die politische \u00d6konomie der DDR: was wurde versprochen, was wurde gebrochen, warum ist der Realsozialismus gescheitert? Und was k\u00f6nnen wir daraus f\u00fcr die n\u00e4chsten Versuche lernen?", "description": "\u201eSo wie wir heute arbeiten, werden wir morgen leben\u201c - Losungen wie diese verschoben das Versprechen des gl\u00fcckvollen Lebens im Realsozialismus in die Zukunft. In der mechanistischen Gesellschaftsauffassung der DDR-Parteieliten sollte das Volkseigentum der zentrale Ort sein, an dem sich ein Produzent*innen- und Eigent\u00fcmer*innebewusstsein herausbildet. Doch das Volkseigentum blieb als de facto Staatseigentum schlecht vergesellschaftet, was sich in den Subjekten in hybriden Verarbeitungsformen niederschlug: geisterhaften Mischformen mit autorit\u00e4ren wie emanzipatorischen Z\u00fcgen. \r\nIm Vortrag werden die ideologischen Anrufungen des Volkseigentums rekonstruiert und deren Wirkung in Bezug auf den aktuellen Rechtsruck bis in die Gegenwart nachvollzogen.", "recording_license": "", "do_not_record": false, "persons": [{"code": "Q93UF7", "name": "Dominik", "avatar": null, "biography": "Dominik Intelmann forscht zur politischen \u00d6konomie Ostdeutschlands und den damit verbundenen Subjektivierungsformen.", "public_name": "Dominik", "guid": "160f24b6-eb2e-5553-b0e1-a4575798e8bb", "url": "https://programm.pfingst.camp/pfica26/speaker/Q93UF7/"}], "links": [], "feedback_url": "https://programm.pfingst.camp/pfica26/talk/VPPFCT/feedback/", "origin_url": "https://programm.pfingst.camp/pfica26/talk/VPPFCT/", "attachments": []}], "Radio": [{"guid": "f1b65884-ab1e-5d09-8a2b-c878ed2b7797", "code": "YLCVUD", "id": 335, "logo": null, "date": "2026-05-23T14:30:00+02:00", "start": "14:30", "duration": "03:00", "room": "Radio", "slug": "pfica26-335-hackspace", "url": "https://programm.pfingst.camp/pfica26/talk/YLCVUD/", "title": "HackSpace", "subtitle": "", "track": "Inhalt - Praktisches", "type": "Workshop", "language": "de", "abstract": "Ein HackSpace, an dem ihr euch mit verschiedenen Gadgets und OpenSource besch\u00e4ftigen k\u00f6nnt!", "description": "Im HackSpace kannst du dich mit anderen Interessierten \u00fcber verschiedene Bereiche des Hackens, coole Gadgets und OpenSource austauschen!\r\nWir haben unter anderem ein paar Ger\u00e4te zur verschl\u00fcsselten und sicheren Kommunikation vor Ort, mit denen ihr euch ausprobieren k\u00f6nnt. Dar\u00fcber hinaus gibt es M\u00f6glichkeiten zum Andocken in bestehende IT- und OpenSource-Projekte.", "recording_license": "", "do_not_record": false, "persons": [{"code": "RUJMFU", "name": "Matze", "avatar": null, "biography": "", "public_name": "Matze", "guid": "96ec48e4-99ec-5f54-ab11-c530faf26c4a", "url": "https://programm.pfingst.camp/pfica26/speaker/RUJMFU/"}], "links": [], "feedback_url": "https://programm.pfingst.camp/pfica26/talk/YLCVUD/feedback/", "origin_url": "https://programm.pfingst.camp/pfica26/talk/YLCVUD/", "attachments": []}], "Disco": [{"guid": "b51a0cf4-55c0-5ab9-9fb1-c42d722c1a86", "code": "D9Y7W8", "id": 353, "logo": null, "date": "2026-05-23T20:00:00+02:00", "start": "20:00", "duration": "02:00", "room": "Disco", "slug": "pfica26-353-ein-kessel-buntes", "url": "https://programm.pfingst.camp/pfica26/talk/D9Y7W8/", "title": "Ein Kessel Buntes", "subtitle": "", "track": "Kulturprogramm", "type": "Kulturbeitrag", "language": "de", "abstract": "", "description": "", "recording_license": "", "do_not_record": false, "persons": [{"code": "U9G38R", "name": "Jonna K\u00fchl", "avatar": "https://programm.pfingst.camp/media/avatars/0024392F-AEF9-4E7F-85BF-B61A4C5CB462_BciyewG.jpeg", "biography": null, "public_name": "Jonna K\u00fchl", "guid": "268154b5-4405-5906-acf0-6ac92d2c3676", "url": "https://programm.pfingst.camp/pfica26/speaker/U9G38R/"}], "links": [], "feedback_url": "https://programm.pfingst.camp/pfica26/talk/D9Y7W8/feedback/", "origin_url": "https://programm.pfingst.camp/pfica26/talk/D9Y7W8/", "attachments": []}], "Apollo Rehkapsel": [{"guid": "3db6116a-5820-5af8-b758-cac9d33e6a40", "code": "T3LLQZ", "id": 334, "logo": null, "date": "2026-05-23T22:00:00+02:00", "start": "22:00", "duration": "02:00", "room": "Apollo Rehkapsel", "slug": "pfica26-334-taubetauben-trance-set", "url": "https://programm.pfingst.camp/pfica26/talk/T3LLQZ/", "title": "TaubeTauben - Trance Set", "subtitle": "", "track": "Musik - DJs", "type": "DJ Set", "language": "de", "abstract": "bounce pop and trance techno", "description": "Moin alle,\r\nwir sind zwei Bedroom-DJs aus Berlin und freuen uns ganz doll bei euch das zweite Mal im Camp zu spielen und den Rehen ordentlich einzuheizen. Wie letztes Jahr wollen wir euch mit schnellen trance beats und 2000er remixes ordentlich einheizen. Abzappeln und mitgr\u00f6ln sehr erw\u00fcnscht :)", "recording_license": "", "do_not_record": false, "persons": [{"code": "FEDX3M", "name": "Fabian Steffen", "avatar": null, "biography": "", "public_name": "Fabian Steffen", "guid": "7b9c191e-9e4e-54a0-a07c-0fac61d12ae2", "url": "https://programm.pfingst.camp/pfica26/speaker/FEDX3M/"}], "links": [], "feedback_url": "https://programm.pfingst.camp/pfica26/talk/T3LLQZ/feedback/", "origin_url": "https://programm.pfingst.camp/pfica26/talk/T3LLQZ/", "attachments": []}], "Au\u00dfenbereich": [{"guid": "d9a3dfe6-091f-5869-b2c3-18357d47dfb0", "code": "QFNYXD", "id": 352, "logo": null, "date": "2026-05-23T14:30:00+02:00", "start": "14:30", "duration": "01:30", "room": "Au\u00dfenbereich", "slug": "pfica26-352-camp-rally", "url": "https://programm.pfingst.camp/pfica26/talk/QFNYXD/", "title": "Camp Rally", "subtitle": "", "track": "Kulturprogramm", "type": "Kulturbeitrag", "language": "de", "abstract": "", "description": "", "recording_license": "", "do_not_record": false, "persons": [{"code": "U9G38R", "name": "Jonna K\u00fchl", "avatar": "https://programm.pfingst.camp/media/avatars/0024392F-AEF9-4E7F-85BF-B61A4C5CB462_BciyewG.jpeg", "biography": null, "public_name": "Jonna K\u00fchl", "guid": "268154b5-4405-5906-acf0-6ac92d2c3676", "url": "https://programm.pfingst.camp/pfica26/speaker/U9G38R/"}], "links": [], "feedback_url": "https://programm.pfingst.camp/pfica26/talk/QFNYXD/feedback/", "origin_url": "https://programm.pfingst.camp/pfica26/talk/QFNYXD/", "attachments": []}], "Bungalow 228": [{"guid": "b0b0fbc0-1fc0-5af5-a978-82157f611c89", "code": "RBTRCT", "id": 371, "logo": null, "date": "2026-05-23T10:00:00+02:00", "start": "10:00", "duration": "10:00", "room": "Bungalow 228", "slug": "pfica26-371-safer-camping", "url": "https://programm.pfingst.camp/pfica26/talk/RBTRCT/", "title": "Safer Camping", "subtitle": "", "track": "Kulturprogramm", "type": "Kulturbeitrag", "language": "de", "abstract": "Am Samstag den 23.05. wird uns die Gruppe JES Dresden mit einem Safer Camping/Safer use Angebot begleiten.", "description": "JES Dresden ist eine Gruppe f\u00fcr Menschen mit Konsumerfahrung und Suchterkrankungen, die neben Selbsthilfe auch drogenpolitisches Engagement leisten. Sie sind Mitglied im JES Bundesverband e.V. Wo sie sich f\u00fcr die Interessen und Bed\u00fcrfnisse Drogen gebrauchender Menschen engagieren.\r\n\r\nDer Name JES ist abgeleitet vom englischen Wort \u201eYES\u201c . Denn der erste Slogan JUST SAY JES  war die Antwort auf den Slogan \u201eJust say NO\u201c, den Nancy Reagan im Krieg gegen Drogen gepr\u00e4gt hatte. \r\n\r\nJ steht f\u00fcr \u201eJunkie\u201c und damit als Symbol f\u00fcr eine auch durch die Prohibition erzeugte Lebenssituation, die gepr\u00e4gt ist durch Szeneleben, Illegalit\u00e4t und h\u00e4ufig durch Kriminalit\u00e4t. Armut, Obdachlosigkeit, Verlust\u00e4ngste, Prostitution, Gesundheitsgef\u00e4hrdung  pr\u00e4gen ebenso des Lebensstil wie auch Genuss, Zusammengeh\u00f6rigkeit und Abenteuer.\r\n\r\nE steht f\u00fcr \u201eEhemalige*r\u201c. Dies meint sowohl ein abstinentes Leben als auch die erfolgreiche Integration von Drogen in das Leben.\r\n\r\nS steht f\u00fcr \u201eSubstituierte*r\u201c.\r\n\r\nDer Name soll deutlich machen, dass der Konsum von Drogen nicht grunds\u00e4tzlich negativ ist, dass das Leben in den Drogenszenen nicht nur schwierige, zerst\u00f6rerische Seiten hat und dass eine Abh\u00e4ngigkeit von psychoaktiven Substanzen nicht immer zu einer Behinderung werden muss. JES wendet sich deshalb auch gegen ein Schwarz-Wei\u00df-Denken, das nur \u201eAlles oder Nichts\u201c, \u201eAbstinenz oder Elend\u201c kennt.", "recording_license": "", "do_not_record": false, "persons": [{"code": "QAGUBP", "name": "JES Dresden", "avatar": null, "biography": "", "public_name": "JES Dresden", "guid": "68a86628-31e3-5a4b-aa1d-68ad8fff1007", "url": "https://programm.pfingst.camp/pfica26/speaker/QAGUBP/"}], "links": [], "feedback_url": "https://programm.pfingst.camp/pfica26/talk/RBTRCT/feedback/", "origin_url": "https://programm.pfingst.camp/pfica26/talk/RBTRCT/", "attachments": []}]}}, {"index": 3, "date": "2026-05-24", "day_start": "2026-05-24T04:00:00+02:00", "day_end": "2026-05-25T03:59:00+02:00", "rooms": {"Reh 1": [{"guid": "45b3fbd9-7499-5fa5-96f1-60a84cc1e6df", "code": "RGVPCU", "id": 348, "logo": null, "date": "2026-05-24T11:00:00+02:00", "start": "11:00", "duration": "01:30", "room": "Reh 1", "slug": "pfica26-348-when-the-people-shall-have-nothing-more-to-eat-they-will-eat-the-rich-gewerkschaften-und-unsere-gemeinsamen-kampfe", "url": "https://programm.pfingst.camp/pfica26/talk/RGVPCU/", "title": "\"When the people shall have nothing more to eat- they will eat the rich\": Gewerkschaften und unsere gemeinsamen K\u00e4mpfe", "subtitle": "", "track": "Inhalt - Theorie", "type": "Workshop", "language": "de", "abstract": "Studium, Arbeit und steigende Lebenshaltungskosten erzeugen Stress und prek\u00e4re Bedingungen. Gewerkschaften k\u00e4mpfen f\u00fcr faire L\u00f6hne und Sicherheit durch Tarifvertr\u00e4ge und Streiks. Der Workshop erkl\u00e4rt ihre Rolle und zeigt Mitmachm\u00f6glichkeiten.", "description": "Studium, Lohnarbeit, Nebenjob, ewige Stunden in der Bibliothek oder bei der Care-Arbeit  \u2013 oft bleibt von der omin\u00f6sen Work\u2013Life-Balance nicht viel mehr als Dauerstress. Gleichzeitig steigen die Mieten, die Inflation frisst unser Einkommen, und in vielen Betrieben oder Hochschulen arbeiten  Besch\u00e4ftigte unter prek\u00e4ren Bedingungen.\r\nGenau hier setzen Gewerkschaften an. Sie sind nicht nur historische Relikte, sondern heute zentrale Akteur*innen in aktuellen gesellschaftspolitischen Auseinandersetzungen: Es geht um den Kampf f\u00fcr faire L\u00f6hne, mehr Sicherheit und Gerechtigkeit f\u00fcr alle Menschen.\r\nTarifvertr\u00e4ge und Streiks sind dabei wichtige Werkzeug \u2013 und sie sind kein Selbstl\u00e4ufer, sondern das Ergebnis von kollektiver Organisation und Durchhalteverm\u00f6gen.\r\nIm Workshop wollen wir gemeinsam mit euch diskutieren:\r\n\u2022\tWer wir sind\r\n\u2022\tWozu Gewerkschaften heute notwendig sind\r\n\u2022\tWie Tarifvertr\u00e4ge funktionieren und was sie konkret ver\u00e4ndern\r\n\u2022\tWelche Realit\u00e4t gewerkschaftlicher K\u00e4mpfe zwischen Konflikt, Solidarit\u00e4t und Kompromiss aussieht\r\n\u2022\tWie ihr mitmachen k\u00f6nnt\r\n\r\nDenn klar ist: Nur organisiert und solidarisch k\u00f6nnen wir die Bedingungen ver\u00e4ndern, unter denen wir lernen, arbeiten und leben.", "recording_license": "", "do_not_record": false, "persons": [{"code": "JVMZSK", "name": "Katharina", "avatar": null, "biography": "Ich bin Jugendbildungsreferentin bei der DGB-Jugend Sachsen", "public_name": "Katharina", "guid": "fbcc4b73-a6a1-5f5f-b317-7f09443237cb", "url": "https://programm.pfingst.camp/pfica26/speaker/JVMZSK/"}], "links": [], "feedback_url": "https://programm.pfingst.camp/pfica26/talk/RGVPCU/feedback/", "origin_url": "https://programm.pfingst.camp/pfica26/talk/RGVPCU/", "attachments": []}, {"guid": "a1af8fd1-df93-53bc-9136-0c6b0ea2a1d5", "code": "ZPEAML", "id": 341, "logo": null, "date": "2026-05-24T14:30:00+02:00", "start": "14:30", "duration": "01:30", "room": "Reh 1", "slug": "pfica26-341-mit-recht-und-redlichkeit-sachsische-familien", "url": "https://programm.pfingst.camp/pfica26/talk/ZPEAML/", "title": "Mit Recht und Redlichkeit-S\u00e4chsische Familien", "subtitle": "", "track": "Inhalt - politische Praxis", "type": "Workshop", "language": "de", "abstract": "Nazis im Nahfeld zu begegnen ist deutlich schwieriger als wenn es die \"anderen\" sind die man mal auf einer Demo sieht. Doch was soll ich tun.", "description": "Wenn politische Konflikte durch die eigene Familie gehen\r\n\r\nWas tun, wenn extremistische oder demokratiefeindliche Positionen nicht von Fremden kommen, sondern aus dem eigenen Umfeld?\r\nWie spricht man mit Menschen, die nicht zuh\u00f6ren wollen?\r\nUnd wo sind die Grenzen des Dialogs?\r\n\r\nIn diesem Workshop besch\u00e4ftigen wir uns mit konkreten Strategien f\u00fcr schwierige politische Gespr\u00e4che \u2013 besonders im famili\u00e4ren Kontext. Wir sprechen dar\u00fcber,\r\n\r\n-wie man ruhig und klar argumentiert\r\n\r\n-wie man Eskalationen vermeidet\r\n\r\n-wie man Verschw\u00f6rungserz\u00e4hlungen begegnet\r\n\r\n-und wann es wichtig ist, Grenzen zu setzen\r\n\r\nDabei geht es nicht um perfekte Schlagfertigkeit, sondern um Haltung, Selbstschutz und einen reflektierten Umgang mit Konflikten.\r\n\r\nEin Raum f\u00fcr Austausch, praktische Tipps und ehrliche Fragen.", "recording_license": "", "do_not_record": false, "persons": [{"code": "WJYNQL", "name": "Angela", "avatar": null, "biography": "", "public_name": "Angela", "guid": "8c9b7786-7d46-5c9c-83ce-a54bd8d39dd7", "url": "https://programm.pfingst.camp/pfica26/speaker/WJYNQL/"}], "links": [], "feedback_url": "https://programm.pfingst.camp/pfica26/talk/ZPEAML/feedback/", "origin_url": "https://programm.pfingst.camp/pfica26/talk/ZPEAML/", "attachments": []}, {"guid": "63265390-6f9f-584a-ad98-cae361de5190", "code": "9Y37SN", "id": 340, "logo": null, "date": "2026-05-24T16:30:00+02:00", "start": "16:30", "duration": "01:30", "room": "Reh 1", "slug": "pfica26-340-antijudaismus-und-hexenverfolgung-von-vergleichen-und-gleichnissen", "url": "https://programm.pfingst.camp/pfica26/talk/9Y37SN/", "title": "Antijudaismus und Hexenverfolgung von Vergleichen und Gleichnissen", "subtitle": "", "track": "Inhalt - Theorie", "type": "Input/Vortrag", "language": "de", "abstract": "Der \u201eHexenhammer\u201c und die Logik von Antijudaismus und Hexenverfolgung", "description": "Wir werfen einen Blick auf den Malleus Maleficarum (\u201eHexenhammer\u201c, 1487) und analysieren die Mechanismen der Hexenverfolgung. Im Vergleich dazu betrachten wir den mittelalterlichen Antisemitismus und fragen nach strukturellen Parallelen: Verschw\u00f6rungsnarrative, religi\u00f6se Legitimation, S\u00fcndenbockmechanismen und die Konstruktion eines \u201einneren Feindes\u201c.\r\n\r\nDabei geht es ausdr\u00fccklich nicht um Gleichsetzungen, sondern um das Verst\u00e4ndnis historischer Denkstrukturen \u2013 und darum, welche Lehren demokratische Politik daraus ziehen kann.\r\n-Historische Einordnung von Hexenverfolgung und Antisemitismus\r\n-Analyse von Ausgrenzungsmechanismen\r\n-Diskussion \u00fcber den Umgang mit Verschw\u00f6rungserz\u00e4hlungen heute", "recording_license": "", "do_not_record": false, "persons": [{"code": "WJYNQL", "name": "Angela", "avatar": null, "biography": "", "public_name": "Angela", "guid": "8c9b7786-7d46-5c9c-83ce-a54bd8d39dd7", "url": "https://programm.pfingst.camp/pfica26/speaker/WJYNQL/"}], "links": [], "feedback_url": "https://programm.pfingst.camp/pfica26/talk/9Y37SN/feedback/", "origin_url": "https://programm.pfingst.camp/pfica26/talk/9Y37SN/", "attachments": []}], "Reh 2": [{"guid": "a4801d3f-8a9b-5e74-8c12-aba84f109ff9", "code": "AUJDJU", "id": 314, "logo": null, "date": "2026-05-24T11:00:00+02:00", "start": "11:00", "duration": "01:30", "room": "Reh 2", "slug": "pfica26-314-wie-queer-war-der-arbeiter-und-bauernstaat", "url": "https://programm.pfingst.camp/pfica26/talk/AUJDJU/", "title": "Wie queer war der Arbeiter und Bauernstaat?", "subtitle": "", "track": "Inhalt - Theorie", "type": "Input/Vortrag", "language": "de", "abstract": "Es ist ein Vortrag \u00fcber die rechtliche und gesellschaftliche Situation von queeren Menschen in der DDR.", "description": "Hammer, Sichel, \u00c4hrenkranz und trans Flagge. Transition wurde vom Staat finanziert. Und Schwul-sein durfte schon Jahre fr\u00fcher legalisiert als in Westdeutschland. Ich besch\u00e4ftige mich mit gesellschaftlichen Situation von queeren Menschen \u00fcber 40 Jahre DDR. Es wird auf die Situation von trans und inter Personen eingegangen, soweit wie bekannt. Au\u00dferdem werfen wir einen Blick auf die Lesben und Schwulenbewegung in der DDR. Damit wir uns unseren K\u00e4mpfen vor Ort kennen und nicht nur die queere Geschichte der US Bewegung.", "recording_license": "", "do_not_record": false, "persons": [{"code": "LKNB93", "name": "malu", "avatar": null, "biography": "Ich bin malu. Bin in Th\u00fcringen aktiv und mache seit einiger Zeit Bildungsarbeit vor allem bei der Linksjugend.", "public_name": "malu", "guid": "725f6915-e928-5468-baad-21e9d80daf65", "url": "https://programm.pfingst.camp/pfica26/speaker/LKNB93/"}], "links": [], "feedback_url": "https://programm.pfingst.camp/pfica26/talk/AUJDJU/feedback/", "origin_url": "https://programm.pfingst.camp/pfica26/talk/AUJDJU/", "attachments": []}, {"guid": "6e96306d-4eec-5452-b3da-14a11ba435f6", "code": "DVXRU9", "id": 322, "logo": "https://programm.pfingst.camp/media/pfica26/submissions/DVXRU9/Screenshot_2026-02-24_192930_6qW_RPEJoDn.webp", "date": "2026-05-24T14:30:00+02:00", "start": "14:30", "duration": "01:30", "room": "Reh 2", "slug": "pfica26-322-die-nester-ausrauchern", "url": "https://programm.pfingst.camp/pfica26/talk/DVXRU9/", "title": "\"Die Nester ausr\u00e4uchern!\"", "subtitle": "", "track": "Inhalt - Theorie", "type": "Input/Vortrag", "language": "de", "abstract": "Zur Rolle der Staatsgewalt in der Geschichte von Konterrevolution und Nationalsozialismus 1918-33", "description": "Nicht nur bei der Niederschlagung der Revolution in Deutschland 1918-23, auch bei der herrschaftlichen Durchdringung der aufst\u00e4ndischen Milieus, dem \"Austrocknen\" und \"Ausr\u00e4uchern\" der R\u00fcckzugsr\u00e4ume und sozialen Strukturen spielten Polizei und Justiz eine entscheidende Rolle. Von der Kontrolle des \u00f6ffentlichen Raums bis zum Vordringen in die Wohnumgebung zeichnet der Vortrag nach, welchen Anteil die Staatsgewalt daran hatte, dass die deutsche Gesellschaft fast schon schl\u00fcsselfertig an die Naziherrschaft \u00fcbergeben werden konnte.", "recording_license": "", "do_not_record": false, "persons": [{"code": "MCS9MM", "name": "Daniel Kulla", "avatar": "https://programm.pfingst.camp/media/avatars/MCS9MM_I4OWMIj.webp", "biography": "Kulla kommt aus der DDR, schreibt und spricht \u00fcber Klassenkampf und Ideologie in Geschichte und Gegenwart, bloggt auf classless.org", "public_name": "Daniel Kulla", "guid": "d10503b0-82b5-5561-8b6a-9df60fcd0bae", "url": "https://programm.pfingst.camp/pfica26/speaker/MCS9MM/"}], "links": [], "feedback_url": "https://programm.pfingst.camp/pfica26/talk/DVXRU9/feedback/", "origin_url": "https://programm.pfingst.camp/pfica26/talk/DVXRU9/", "attachments": []}, {"guid": "a771557d-9c17-5e6e-b879-7d71564c47c8", "code": "RTH8PE", "id": 320, "logo": null, "date": "2026-05-24T16:30:00+02:00", "start": "16:30", "duration": "01:30", "room": "Reh 2", "slug": "pfica26-320-eine-kritik-der-identitatspolitik", "url": "https://programm.pfingst.camp/pfica26/talk/RTH8PE/", "title": "Eine Kritik der Identit\u00e4tspolitik", "subtitle": "", "track": "Inhalt - Theorie", "type": "Input/Vortrag", "language": "de", "abstract": "Dieser Vortrag stellt eine kritische Bestandsaufnahme der philosophisch-theoretischen Grundannahmen linker Identit\u00e4tspolitik dar und fragt nach m\u00f6glichen Alternativen.", "description": "Viele Linke teilen die Welt heute in Unterdr\u00fccker und Unterdr\u00fcckte, in Privilegierte und Diskriminierte. Dabei werden die Menschen immer weniger als Individuen gesehen, sondern nach \u2013 teils angeborenen \u2013 Identit\u00e4ten in Gruppen geteilt. Wir sollen uns als Mann oder Frau, wei\u00df oder PoC, cis oder queer begreifen. Immer mehr wird sowohl die linke politische Praxis wie auch das Leben in der linken Szene durch solche Unterscheidungen gepr\u00e4gt. Dieses Denken f\u00fchrt aber immer wieder zu fatalen Simplifizierungen, beispielsweise wenn Israel als Teil des kolonialen, unterdr\u00fcckerischen Westens gesehen wird und die Hamas als Teil der diskriminierten Unterdr\u00fcckten und durch dies dazu f\u00fchrt, dass Linke antisemitische Verbrechen verharmlosen. \r\nIn diesem Vortrag besch\u00e4ftigen wir uns mit den theoretischen Grundlagen der linken Identit\u00e4tspolitik und ihrem Entstehen aus der postmodernen Philosophie. Welche Annahmen liegen der Identit\u00e4tspolitik an ihrer Basis zu Grunde? Machen diese Thesen Sinn? Was f\u00fcr Alternativen gibt es f\u00fcr die Linke die Welt zu begreifen?", "recording_license": "", "do_not_record": false, "persons": [{"code": "9J73NB", "name": "Jan Eufinger", "avatar": null, "biography": "Jan Eufinger hat Sozialwissenschaft und Philosophie studiert. Er arbeitet und promoviert in der Philosophie an der FernUniversit\u00e4t in Hagen. Er ist Mitglied der Gesellschaft f\u00fcr kritische Bildung und schreibt f\u00fcr verschiedene Medien.", "public_name": "Jan Eufinger", "guid": "8984c14f-e629-5cfc-9507-2bc9bce81296", "url": "https://programm.pfingst.camp/pfica26/speaker/9J73NB/"}], "links": [], "feedback_url": "https://programm.pfingst.camp/pfica26/talk/RTH8PE/feedback/", "origin_url": "https://programm.pfingst.camp/pfica26/talk/RTH8PE/", "attachments": []}], "Reh 3": [{"guid": "6a2920b9-ff10-51e4-b047-4c778b209f33", "code": "TQNBBC", "id": 327, "logo": null, "date": "2026-05-24T11:00:00+02:00", "start": "11:00", "duration": "01:30", "room": "Reh 3", "slug": "pfica26-327-einfuhrung-in-die-materialistische-staatstheorie", "url": "https://programm.pfingst.camp/pfica26/talk/TQNBBC/", "title": "Einf\u00fchrung in die materialistische Staatstheorie", "subtitle": "", "track": "Inhalt - Theorie", "type": "Input/Vortrag", "language": "de", "abstract": "Eine kurze Einf\u00fchrung in materialistische Staatstheorie", "description": "Viel politische Praxis, die wir machen, zielt auf Ver\u00e4nderung von Staatshandeln ab. Doch welche Rolle spielt der Staat \u00fcberhaupt im kapitalistischen System, das wir \u00fcberwinden wollen? Ist der Staat eine neutrale Institution und gibt es ihn schon immer? Und was hei\u00dft das alles f\u00fcr sozialistische Strategie? Der Workshop gibt eine kurze, grundlegende Einf\u00fchrung in die zentralen Ans\u00e4tze der materialistischen Staatstheorie.", "recording_license": "", "do_not_record": false, "persons": [{"code": "NHEVDD", "name": "Jan Schiffer", "avatar": null, "biography": "Jan macht schon lang Bildungsarbeit in der Linksjugend und ist derzeit Kreissprecher der Linken K\u00f6ln und in der Linksjugend in der BG K\u00f6ln und dem Marxistischen Netzwerk aktiv.", "public_name": "Jan Schiffer", "guid": "48df2a44-007f-5556-908b-3348ef3f3f8b", "url": "https://programm.pfingst.camp/pfica26/speaker/NHEVDD/"}], "links": [], "feedback_url": "https://programm.pfingst.camp/pfica26/talk/TQNBBC/feedback/", "origin_url": "https://programm.pfingst.camp/pfica26/talk/TQNBBC/", "attachments": []}, {"guid": "d020665a-c291-51e0-bdae-aad362c0ccf7", "code": "GEJGNE", "id": 337, "logo": null, "date": "2026-05-24T14:30:00+02:00", "start": "14:30", "duration": "02:30", "room": "Reh 3", "slug": "pfica26-337-aktions-und-versammlungstraining", "url": "https://programm.pfingst.camp/pfica26/talk/GEJGNE/", "title": "Aktions- und Versammlungstraining", "subtitle": "", "track": "Inhalt - Praktisches", "type": "Workshop", "language": "de", "abstract": "Alerta, Alerta und dann? Von rechtlichen Grundlagen bis zur Blockade!", "description": "In diesem praktischen Demo- und Aktionstraining schauen wir in die rechtlichen Grundlagen der Versammlungsfreiheit sowie das Polizeirecht: Was darf man eigentlich? Was nicht? Wo ist der Graubereich? Darf man Nazis blockieren und wenn ja wie?\r\nWie k\u00f6nnen Gruppendynamiken erzeugen, die uns rechtlich wie physisch absichert und f\u00fcr alle einen Mehrwert hat?", "recording_license": "", "do_not_record": false, "persons": [{"code": "RUJMFU", "name": "Matze", "avatar": null, "biography": "", "public_name": "Matze", "guid": "96ec48e4-99ec-5f54-ab11-c530faf26c4a", "url": "https://programm.pfingst.camp/pfica26/speaker/RUJMFU/"}], "links": [], "feedback_url": "https://programm.pfingst.camp/pfica26/talk/GEJGNE/feedback/", "origin_url": "https://programm.pfingst.camp/pfica26/talk/GEJGNE/", "attachments": []}, {"guid": "92a9af84-3b36-57e1-a6e2-c5139b732259", "code": "PFRWQB", "id": 321, "logo": null, "date": "2026-05-24T17:00:00+02:00", "start": "17:00", "duration": "01:30", "room": "Reh 3", "slug": "pfica26-321-prickelbrause-schampus-oder-kapitalistenwasser-alles-sekt", "url": "https://programm.pfingst.camp/pfica26/talk/PFRWQB/", "title": "Prickelbrause, Schampus oder Kapitalistenwasser - alles Sekt", "subtitle": "", "track": "Kulturprogramm", "type": "Workshop", "language": "de", "abstract": "Sektworkshop mit Tasting, mit Anna und Henni", "description": "Ich m\u00f6chte mit Anna einen Workshop machen, in dem wir \u00fcber Sekt aufkl\u00e4ren. Wir kl\u00e4ren ZUM BEISPIEL:\r\n- Was der Unterschied zum Wein ist \r\n- warum er gerne auf Boote gespritzt wird\r\n- woher das Ger\u00e4usch beim Korken knallen kommt\r\nUnd wir wollen nat\u00fcrlich auch Sekt probieren!\r\n\r\n\r\n(ist alles noch bisschen offen)", "recording_license": "", "do_not_record": false, "persons": [{"code": "RCFFNZ", "name": "Henni", "avatar": null, "biography": "", "public_name": "Henni", "guid": "c1265423-7b57-5f63-8317-8f593c19d7dc", "url": "https://programm.pfingst.camp/pfica26/speaker/RCFFNZ/"}], "links": [], "feedback_url": "https://programm.pfingst.camp/pfica26/talk/PFRWQB/feedback/", "origin_url": "https://programm.pfingst.camp/pfica26/talk/PFRWQB/", "attachments": []}], "Reh 4": [{"guid": "6364bbba-1f3b-5322-aa62-ba4aa851bb99", "code": "TWRPW3", "id": 360, "logo": null, "date": "2026-05-24T11:00:00+02:00", "start": "11:00", "duration": "01:30", "room": "Reh 4", "slug": "pfica26-360-der-rechte-osten-ein-blick-auf-die-politische-okonomie", "url": "https://programm.pfingst.camp/pfica26/talk/TWRPW3/", "title": "Der rechte Osten - ein Blick auf die politische \u00d6konomie", "subtitle": "", "track": "Inhalt - Theorie", "type": "Input/Vortrag", "language": "de", "abstract": "Den Vortrag w\u00fcrde ich optional halten, falls die Einreichung zum Thema DDR nicht ins Programm passt. Es ist die Weiterf\u00fchrung der Vortr\u00e4ge, die ich schon auf dem Pfingstcamp gehalten habe.", "description": "Der gr\u00f6\u00dfte Teil der Menschen erlebt sich bei der Lohnarbeit, in ihrer Mietwohnung und bei demokratischen Teilhabeformen nur wenig handlungsf\u00e4hig. Rechte Parteien und Politikangebote geben vielen Menschen wieder das Gef\u00fchl, (auf eine autorit\u00e4re Art) Selbstwirksamkeit erleben zu k\u00f6nnen. Im Vortrag wird dabei insbesondere mit Bezug auf Ostdeutschland diskutiert, wie gerade in einer entm\u00e4chtigten und eigentumslosen Teilgesellschaft Ersatz gefunden wird in einem \u201ePhantombesitz\u201c (Eva von Redecker), der auch Besitzlosen (patriarchale) Macht verspricht. Was k\u00f6nnte demgegen\u00fcber Handlungsf\u00e4higkeit bedeuten, die nicht herrschaftsf\u00f6rmig w\u00e4re?", "recording_license": "", "do_not_record": false, "persons": [{"code": "Q93UF7", "name": "Dominik", "avatar": null, "biography": "Dominik Intelmann forscht zur politischen \u00d6konomie Ostdeutschlands und den damit verbundenen Subjektivierungsformen.", "public_name": "Dominik", "guid": "160f24b6-eb2e-5553-b0e1-a4575798e8bb", "url": "https://programm.pfingst.camp/pfica26/speaker/Q93UF7/"}], "links": [], "feedback_url": "https://programm.pfingst.camp/pfica26/talk/TWRPW3/feedback/", "origin_url": "https://programm.pfingst.camp/pfica26/talk/TWRPW3/", "attachments": []}, {"guid": "306a6aa7-5664-5de4-80f6-2d3d2cba85c7", "code": "3VX7MA", "id": 358, "logo": null, "date": "2026-05-24T14:30:00+02:00", "start": "14:30", "duration": "01:30", "room": "Reh 4", "slug": "pfica26-358-mehr-als-sex-und-gewalt-dark-romance-als-popkultureller-diskurs-uber-geschlechterverhaltnisse", "url": "https://programm.pfingst.camp/pfica26/talk/3VX7MA/", "title": "Mehr als Sex und Gewalt: Dark Romance als popkultureller Diskurs \u00fcber Geschlechterverh\u00e4ltnisse", "subtitle": "", "track": "Inhalt - Theorie", "type": "Input/Vortrag", "language": "de", "abstract": "Dark Romance zwischen Skandal und Diskurs: Was verraten \u201eproblematische\u201c Liebesgeschichten \u00fcber Macht, Lust und gesellschaftliche Normen?", "description": "Dark Romance sorgt immer wieder f\u00fcr hitzige Debatten: romantisierte Gewalt, toxische Beziehungen, gef\u00e4hrliche Vorbilder? Gleichzeitig boomt das Genre \u2013 besonders bei jungen Frauen*. Doch was steckt eigentlich dahinter?\r\nDer Vortrag wirft einen differenzierten Blick auf Dark Romance als popkulturelles Ph\u00e4nomen. Statt moralischer Schnellurteile geht es um Fragen nach Macht, Begehren und gesellschaftlichen Vorstellungen von Beziehungen. Warum \u00fcben gerade ambivalente und \u201edunkle\u201c Geschichten eine solche Faszination aus? Welche Rolle spielen digitale Lesekulturen dabei? Und was sagt die Kritik am Genre \u00fcber unsere Vorstellungen von Sexualit\u00e4t, insbesondere weiblicher, aus?\r\nGemeinsam n\u00e4hern wir uns einem Genre, das mehr ist als blo\u00dfe Provokation \u2013 und diskutieren, was wir daraus f\u00fcr feministische, medienp\u00e4dagogische und gesellschaftliche Perspektiven lernen k\u00f6nnen.", "recording_license": "", "do_not_record": false, "persons": [{"code": "CRRKHH", "name": "Lina Kl\u00f6pper", "avatar": "https://programm.pfingst.camp/media/avatars/CRRKHH_YTEydPC.webp", "biography": "Ich bin Lina Kl\u00f6pper aus Leipzig. Ich bin K\u00fcnstlerin, Autorin und Poetry Slammerinnen und habe ein Staatsexamen in Anglistik und Mathematik. Ich schreibe unter anderem f\u00fcr ein Magazin \u00fcber geschlechtssensible P\u00e4dagogik und besch\u00e4ftige mich vor allem mit Fandom Studies und Queerfeminismus.", "public_name": "Lina Kl\u00f6pper", "guid": "3fa6e0ae-a0e8-558b-826f-811ea529fd33", "url": "https://programm.pfingst.camp/pfica26/speaker/CRRKHH/"}], "links": [], "feedback_url": "https://programm.pfingst.camp/pfica26/talk/3VX7MA/feedback/", "origin_url": "https://programm.pfingst.camp/pfica26/talk/3VX7MA/", "attachments": []}, {"guid": "340e0602-51cc-5061-9184-f1551a329b12", "code": "UPTCKW", "id": 326, "logo": null, "date": "2026-05-24T16:30:00+02:00", "start": "16:30", "duration": "02:00", "room": "Reh 4", "slug": "pfica26-326-sozialistische-massenpolitik-revolutionare-sozialdemokratie-1890-1910", "url": "https://programm.pfingst.camp/pfica26/talk/UPTCKW/", "title": "Sozialistische Massenpolitik - Revolution\u00e4re Sozialdemokratie 1890-1910", "subtitle": "", "track": "Inhalt - Theorie", "type": "Input/Vortrag", "language": "de", "abstract": "Wir besch\u00e4ftigen uns mit der Geschichte und Theorie der revolution\u00e4ren Sozialdemokratie 1890-1910.", "description": "Wie k\u00f6nnen wir den Sozialismus erreichen? Wie funktioniert massenhafte Organisierung? Wie h\u00e4ngen der Kampf f\u00fcr Demokratie und der Kampf f\u00fcr Sozialismus zusamen?\r\nEin spannender Bezugspunkt f\u00fcr diese Fragen kann die Geschichte der revolution\u00e4ren Sozialdemokratie, also in Deutschland der SPD bis 1910, sein. \r\nIn diesem kurzen Workshop betrachten wir deren Strategie und Geschichte und \u00fcberlegen, was wir daraus f\u00fcr unsere Arbeit lernen k\u00f6nnen.", "recording_license": "", "do_not_record": false, "persons": [{"code": "NHEVDD", "name": "Jan Schiffer", "avatar": null, "biography": "Jan macht schon lang Bildungsarbeit in der Linksjugend und ist derzeit Kreissprecher der Linken K\u00f6ln und in der Linksjugend in der BG K\u00f6ln und dem Marxistischen Netzwerk aktiv.", "public_name": "Jan Schiffer", "guid": "48df2a44-007f-5556-908b-3348ef3f3f8b", "url": "https://programm.pfingst.camp/pfica26/speaker/NHEVDD/"}], "links": [], "feedback_url": "https://programm.pfingst.camp/pfica26/talk/UPTCKW/feedback/", "origin_url": "https://programm.pfingst.camp/pfica26/talk/UPTCKW/", "attachments": []}], "Zirkuszelt": [{"guid": "7d40ec3a-8b7c-5cae-beb9-340dd005fb59", "code": "VPHPY3", "id": 372, "logo": null, "date": "2026-05-24T11:00:00+02:00", "start": "11:00", "duration": "01:30", "room": "Zirkuszelt", "slug": "pfica26-372-energiepreisschock-here-we-go-again", "url": "https://programm.pfingst.camp/pfica26/talk/VPHPY3/", "title": "Energiepreisschock - Here we go again", "subtitle": "", "track": "Inhalt - Theorie", "type": "Input/Vortrag", "language": "de", "abstract": "Ein Blick auf die wirtschaftlichen Auswirkungen der letzten Energiekrise, ein Ausblick auf die kommende und der Versuch, sich Gegenstrategien zu \u00fcberlegen", "description": "Auf dem PfiCa 2024 habe ich einen Vortrag \u00fcber Inflation gehalten bzw. den gerade zu Ende gehenden Energiepreisschock. Jetzt erleben wir gerade den Anfang der n\u00e4chsten fossilen Dunkelflaute und ihre Folgen. \r\nEs gilt, sich die Jahre 2022 bis 2024 noch einmal anzuschauen, zu \u00fcberlegen, was damals politisch (nicht) funktioniert hat und wo welche Interessen bei solchen Verteilungskonflikten liegen.\r\nEs geht also darum, die Entwicklung von Preisen und wirtschaftliche Dynamiken zu verstehen und die Politik hinter den zyklischen fossilen Wirtschaftskrisen.", "recording_license": "", "do_not_record": false, "persons": [{"code": "C9QYU7", "name": "Pauli", "avatar": "https://programm.pfingst.camp/media/avatars/C9QYU7_ickWbNN.webp", "biography": "Pauli ist aus Leipzig, Bassist*in und ist \u00fcber die Arbeit in Technoclubs und Hausprojekten am Ende Steuerfachangestellte*r geworden. Wie das Leben halt so spielt. \r\nAnf\u00e4ngliche Vortr\u00e4ge \u00fcber Drogen und Musik oder kritische M\u00e4nnlichkeitsforschung haben sich dadurch in Richtung linke Wirtschaftspolitik entwickelt.", "public_name": "Pauli", "guid": "19d29e2b-6d26-5abc-809b-94298a5e9b91", "url": "https://programm.pfingst.camp/pfica26/speaker/C9QYU7/"}], "links": [], "feedback_url": "https://programm.pfingst.camp/pfica26/talk/VPHPY3/feedback/", "origin_url": "https://programm.pfingst.camp/pfica26/talk/VPHPY3/", "attachments": []}, {"guid": "ec4dcb8c-810b-5314-93a1-d2d1b221a29d", "code": "WZTJQ9", "id": 317, "logo": null, "date": "2026-05-24T14:30:00+02:00", "start": "14:30", "duration": "01:30", "room": "Zirkuszelt", "slug": "pfica26-317-entspannungsworkshop-mit-sofia-f", "url": "https://programm.pfingst.camp/pfica26/talk/WZTJQ9/", "title": "Entspannungsworkshop mit Sofia F.", "subtitle": "", "track": "Inhalt - Sonstiges", "type": "Workshop", "language": "de", "abstract": "Workshop zum erlernen von Kopfmassagen geben und auch erhalten mit anschlie\u00dfender Traumreise :)", "description": "In diesem Workshop k\u00f6nnt ihr erlernen wie man eine gute Kopfmassage gibt & erhaltet auch selbst eine. (Eine gute Kopfmassage kann auch helfen bei Kopfschmerzen oder Stress). Anschlie\u00dfend gibt es gef\u00fchrtes Traumreisen :)\r\n*Kommt am besten mit gewaschenen\r\nHanden!", "recording_license": "", "do_not_record": false, "persons": [{"code": "MFNW33", "name": "Sofia Fellinger", "avatar": "https://programm.pfingst.camp/media/avatars/IMG_0390_hvfUxvh.png", "biography": "Ich bin Sofia (sie/ihr) aus K\u00f6ln und schon seit mehr als 7 Jahren dabei :) \r\nIch mache ungef\u00e4hr genauso lang auch Awarenessarbeit und habe zu fast allen m\u00f6glichen Dingen die besten FunFacts\ud83d\udd4a\ufe0f", "public_name": "Sofia Fellinger", "guid": "1de3a3c5-219f-53fc-834f-33c255df4997", "url": "https://programm.pfingst.camp/pfica26/speaker/MFNW33/"}], "links": [], "feedback_url": "https://programm.pfingst.camp/pfica26/talk/WZTJQ9/feedback/", "origin_url": "https://programm.pfingst.camp/pfica26/talk/WZTJQ9/", "attachments": []}, {"guid": "77ed7c0a-3153-5b46-b646-68ffad504d2b", "code": "CFALPZ", "id": 356, "logo": null, "date": "2026-05-24T16:30:00+02:00", "start": "16:30", "duration": "01:30", "room": "Zirkuszelt", "slug": "pfica26-356-frigide-hobbits-und-bummsende-werwolfe-wie-literatur-unser-politisches-denken-pragt", "url": "https://programm.pfingst.camp/pfica26/talk/CFALPZ/", "title": "Frigide Hobbits und bummsende Werw\u00f6lfe. Wie Literatur unser (politisches) Denken pr\u00e4gt", "subtitle": "", "track": "Inhalt - Theorie", "type": "Input/Vortrag", "language": "de", "abstract": "Fantasyliteratur ist politisch, auch wenn das niemand denkt. Hier lernt ihr, wie Queerness in diesen Werken verhandelt wird, was sich verbessert hat und was es noch praktisch zu tun gibt.", "description": "Ankn\u00fcpfend an meinen Beitrag vom letzten Jahr k\u00f6nnte ich den Fokus dieses Jahr st\u00e4rker auf Fantasyliteratur und Queerness legen. In einem interaktivem Vortrag, der aus theoretischem Input und praktischen Lese\u00fcbungen besteht, m\u00f6chte ich den Menschen klar machen, dass auch Unterhaltungsliteratur im Kern politische Botschaften \u00fcbermittelt und unsere Weltsicht pr\u00e4gt. Erst seit Anfang der 2010er wird Queerness offen und divers in Fantasyliteratur behandelt. Dabei nimmt der amerikanische Raum eine klare Vorreiterrolle ein. Ich m\u00f6chte aber nicht nur theoretische Grundlagen vermitteln, sondern auch praktische Aktionsformen \u00fcberlegen, die mit dem Gelernten einhergehen k\u00f6nnen.\r\n\r\nUm einen m\u00f6glichst guten Safe Space zu schaffen, w\u00e4re ich f\u00fcr die Anwesenheit einer FLINTA*-Person vom Ogateam sehr dankbar :)", "recording_license": "", "do_not_record": false, "persons": [{"code": "PUM3DM", "name": "Marten", "avatar": null, "biography": "Germanist und Doktorand an der TU Chemnitz, ansonsten im SV Chemnitz aktiv", "public_name": "Marten", "guid": "e5705f40-2d8b-5131-8797-09a103bba518", "url": "https://programm.pfingst.camp/pfica26/speaker/PUM3DM/"}], "links": [], "feedback_url": "https://programm.pfingst.camp/pfica26/talk/CFALPZ/feedback/", "origin_url": "https://programm.pfingst.camp/pfica26/talk/CFALPZ/", "attachments": []}], "Au\u00dfenb\u00fchne": [{"guid": "45a6fe52-14bc-51ed-8527-1bdc29e61d4b", "code": "GCPVGN", "id": 363, "logo": "https://programm.pfingst.camp/media/pfica26/submissions/GCPVGN/IMG_8905_XD55Og7_mAXnPa7.webp", "date": "2026-05-24T19:00:00+02:00", "start": "19:00", "duration": "01:00", "room": "Au\u00dfenb\u00fchne", "slug": "pfica26-363-mitbesteck", "url": "https://programm.pfingst.camp/pfica26/talk/GCPVGN/", "title": "mitBesteck", "subtitle": "", "track": "Musik - Band", "type": "Konzert/Live Auftritt", "language": "de", "abstract": "", "description": "mitBesteck, das sind f\u00fcnf junge Musiker:innen, die sich duch ihr Jazz-Studium an der Hochschule f\u00fcr Musik in Hannover gefunden haben. Der Name mag augenzwinkernd daherkommen, doch ihre Musik geht tief. Zwischen deutschem Indie-Pop und jazzigen Einfl\u00fcssen erschaffen sie einen Sound, der tanzbar und melancholisch zugleich ist.\r\nIn ihren Songs verarbeiten mitBesteck die Herausforderungen und Fragen einer Generation, die zwischen Selbstzweifel, Identit\u00e4tssuche und zwischenmenschlichen Konflikten navigiert. Mal treibend, mal nachdenklich \u2013 aber immer mitrei\u00dfend und authentisch.\r\nBesetzt mit Gesang, Gitarre, Klavier, Bass und Schlagzeug, bringt die Band ihre Gedanken und Emotionen auf die B\u00fchne \u2013 mal fragend, mal fordernd, aber immer ehrlich. Wer Indie-Pop mit Tiefgang und einer Prise Jazz mag, wird an mitBesteck nicht vorbeikommen.\r\nF\u00fcr Presseanfragen, Booking & weitere Informationen:\u2028Mail: mitbesteck.musik@gmail.com\r\nSocials: @mitbesteck", "recording_license": "", "do_not_record": false, "persons": [{"code": "9DAF7C", "name": "mitBesteck", "avatar": null, "biography": "wir sind mitBesteck :)\r\neine band, bestehend aus f\u00fcnf jazz-studies, die musik machen irgendwo zwischen jazz und indiepop. in unseren songs geht es um, selbstwahrnehmung, ums erwachsenwerden und leben in der gesellschaft, wie sie gerade ist.", "public_name": "mitBesteck", "guid": "1276f479-5d3f-55f3-8fc1-f502de57b0b8", "url": "https://programm.pfingst.camp/pfica26/speaker/9DAF7C/"}], "links": [], "feedback_url": "https://programm.pfingst.camp/pfica26/talk/GCPVGN/feedback/", "origin_url": "https://programm.pfingst.camp/pfica26/talk/GCPVGN/", "attachments": []}, {"guid": "82be4845-db2f-565a-b5b7-5a415232412c", "code": "SBZ3UN", "id": 357, "logo": null, "date": "2026-05-24T20:30:00+02:00", "start": "20:30", "duration": "01:00", "room": "Au\u00dfenb\u00fchne", "slug": "pfica26-357-das-publikum", "url": "https://programm.pfingst.camp/pfica26/talk/SBZ3UN/", "title": "Das Publikum", "subtitle": "", "track": "Musik - Band", "type": "Konzert/Live Auftritt", "language": "de", "abstract": "Leipziger Diskurs-Schlager-Band mit feiner Beobachtungsgabe und stabiler Haltung", "description": "Die Leipziger Band Das Publikum trotzt den schweren Zeiten: mit Dur-Akkorden, Harmonieges\u00e4ngen und Texten, die abstrakte mit konkreter Alltagsbeobachtung verbinden. Der perfekte Diskurs-Schlager-Soundtrack f\u00fcr einen verregneten Sonntagnachmittag auf der Chaise Longue \u2013 irgendwo zwischen Television Personalities, Jetzt! und Gitte Haenning.\r\n\r\nhttps://open.spotify.com/artist/5TE6hcHV71nZ2DKL2eh4jC?si=vqfBmal2QhOV-uzfzf07_g", "recording_license": "", "do_not_record": false, "persons": [{"code": "HUBM9C", "name": "Luca Glenzer", "avatar": null, "biography": "", "public_name": "Luca Glenzer", "guid": "8ff4b187-48c0-57db-99dc-4ae15810ef45", "url": "https://programm.pfingst.camp/pfica26/speaker/HUBM9C/"}], "links": [], "feedback_url": "https://programm.pfingst.camp/pfica26/talk/SBZ3UN/feedback/", "origin_url": "https://programm.pfingst.camp/pfica26/talk/SBZ3UN/", "attachments": []}], "Disco": [{"guid": "1412ad23-5e8e-5068-9be3-74456ed8a103", "code": "JYX8Q7", "id": 343, "logo": null, "date": "2026-05-24T20:30:00+02:00", "start": "20:30", "duration": "02:00", "room": "Disco", "slug": "pfica26-343-soundcheck-das-groe-musik-mitmach-bingo", "url": "https://programm.pfingst.camp/pfica26/talk/JYX8Q7/", "title": "Soundcheck - das gro\u00dfe Musik Mitmach-Bingo", "subtitle": "", "track": "Kulturprogramm", "type": "Kulturbeitrag", "language": "de", "abstract": "Musik-Bingo-Show mit Spiel, Spa\u00df und den besten Hits der letzten 30 Jahre!", "description": "Von den gr\u00f6\u00dften Hits der 90s bis zu den nischigsten der 2010er erwartet euch eine rasante Mischung aus Musik, Spielen, jeder Menge gute Laune und ikonischen Preisen! \r\nHier wird mitgesungen, mitgefiebert und mitgelacht. Packt eure Stifte und eure Liebsten ein und freut euch auf einen Abend voller \u00dcberraschungen!", "recording_license": "", "do_not_record": false, "persons": [{"code": "FN3MAR", "name": "Lena", "avatar": null, "biography": "", "public_name": "Lena", "guid": "677e62c4-73bf-566e-8381-2c95a1f2fd96", "url": "https://programm.pfingst.camp/pfica26/speaker/FN3MAR/"}], "links": [], "feedback_url": "https://programm.pfingst.camp/pfica26/talk/JYX8Q7/feedback/", "origin_url": "https://programm.pfingst.camp/pfica26/talk/JYX8Q7/", "attachments": []}, {"guid": "da86352e-7e6c-5773-800a-d15770545867", "code": "CLZ8HN", "id": 345, "logo": null, "date": "2026-05-25T02:00:00+02:00", "start": "02:00", "duration": "00:30", "room": "Disco", "slug": "pfica26-345-ravepunk-karaoke", "url": "https://programm.pfingst.camp/pfica26/talk/CLZ8HN/", "title": "Ravepunk Karaoke", "subtitle": "", "track": "Kulturprogramm", "type": "Kulturbeitrag", "language": "de", "abstract": "Eine halbe Stunde Karaoke mit egotronic, Alles.Scheisze, EGB und Co muss drin sein im Zeitplan, am besten irgendwann 2:00 Nachts! Es wird sehr schlecht.", "description": "", "recording_license": "", "do_not_record": false, "persons": [{"code": "JDTV3Q", "name": "Jade", "avatar": null, "biography": "Was soll ich sagen? Sie kennen mich.", "public_name": "Jade", "guid": "269920e9-3123-59b2-b857-3f9754080a2c", "url": "https://programm.pfingst.camp/pfica26/speaker/JDTV3Q/"}], "links": [], "feedback_url": "https://programm.pfingst.camp/pfica26/talk/CLZ8HN/feedback/", "origin_url": "https://programm.pfingst.camp/pfica26/talk/CLZ8HN/", "attachments": []}], "Au\u00dfenbereich": [{"guid": "e5f6dd34-e278-5f2d-8328-0c059c0286f0", "code": "B33LU8", "id": 354, "logo": null, "date": "2026-05-24T11:00:00+02:00", "start": "11:00", "duration": "01:30", "room": "Au\u00dfenbereich", "slug": "pfica26-354-antivolkerball", "url": "https://programm.pfingst.camp/pfica26/talk/B33LU8/", "title": "Antiv\u00f6lkerball", "subtitle": "", "track": "Kulturprogramm", "type": "Kulturbeitrag", "language": "de", "abstract": "Wir wollen eine oder mehrere Runden Anti-V\u00f6lkerball auf dem Volleyballfeld spielen! Wir treffen uns vorher einfach am Zirkuszelt. Kommt gern dazu solange Platz ist! :)", "description": "", "recording_license": "", "do_not_record": false, "persons": [{"code": "U9G38R", "name": "Jonna K\u00fchl", "avatar": "https://programm.pfingst.camp/media/avatars/0024392F-AEF9-4E7F-85BF-B61A4C5CB462_BciyewG.jpeg", "biography": null, "public_name": "Jonna K\u00fchl", "guid": "268154b5-4405-5906-acf0-6ac92d2c3676", "url": "https://programm.pfingst.camp/pfica26/speaker/U9G38R/"}], "links": [], "feedback_url": "https://programm.pfingst.camp/pfica26/talk/B33LU8/feedback/", "origin_url": "https://programm.pfingst.camp/pfica26/talk/B33LU8/", "attachments": []}, {"guid": "2e47ccfc-f0d6-5026-a8db-ad04e0778912", "code": "7KBZLW", "id": 366, "logo": null, "date": "2026-05-24T14:30:00+02:00", "start": "14:30", "duration": "04:00", "room": "Au\u00dfenbereich", "slug": "pfica26-366-einfuhrung-ins-aktionsklettern", "url": "https://programm.pfingst.camp/pfica26/talk/7KBZLW/", "title": "Einf\u00fchrung ins Aktionsklettern", "subtitle": "", "track": "Inhalt - Praktisches", "type": "Workshop", "language": "de", "abstract": "", "description": "Bei unserer Einf\u00fchrung zum Seil- und Aktionsklettern lernt ihr grundlegende Baumklettertechniken (Auf- und Abstieg am Seil, Abseilen mit Acht), den Auf- und Abstieg an Laternen, h\u00e4ufig benutzte Knoten und wichtige Sicherheitsvorkehrungen. Wir wollen euch einen Einblick in die Welt des Aktionskletterns und den Spa\u00df daran . \r\n\r\nWas braucht ihr? Wir stellen Gurte, Seile und entsprechendes Material; falls ihr selber Sportklettergurt, Kletterhelm o.\u00c4. habt, bringt das gerne mit. Ansonsten braucht ihr Bock, festes Schuhwerk (Wanderschuhe o.\u00c4.)  lange Kleidung, in der ihr euch gut bewegen k\u00f6nnt und eventuell Kletter- oder Arbeitshandschuhe.\r\n\r\nWICHTIG: das Training bef\u00e4higt nicht zum selbstst\u00e4ndigen Aktionsklettern!\r\n\r\nAccessibility: Die Techniken, die wir vermitteln ben\u00f6tigen Stabilit\u00e4t/Kraft der K\u00f6rpermitte, Bein- und Armkraft. Kraft ist hier zu verstehen als F\u00e4higkeit, sich selbst aufrecht zu halten und die Gliedma\u00dfen benutzen und belasten zu k\u00f6nnen. Wenn ihr euch unsicher seid oder Fragen dazu habt, kommt gern auf uns zu und wir probieren zusammen aus. Wir sind nicht darin trainiert, Personen im Rollstuhl sitzend und/oder mit schweren k\u00f6rperlichen Behinderungen das Klettern zu erkl\u00e4ren.\r\n\r\nWir freuen uns auf euch!", "recording_license": "", "do_not_record": false, "persons": [{"code": "BCYZPP", "name": "Aktionskletterkollektiv Chemnitz", "avatar": null, "biography": "", "public_name": "Aktionskletterkollektiv Chemnitz", "guid": "d61f9594-0162-5125-8faa-f78de28f972d", "url": "https://programm.pfingst.camp/pfica26/speaker/BCYZPP/"}], "links": [], "feedback_url": "https://programm.pfingst.camp/pfica26/talk/7KBZLW/feedback/", "origin_url": "https://programm.pfingst.camp/pfica26/talk/7KBZLW/", "attachments": []}]}}, {"index": 4, "date": "2026-05-25", "day_start": "2026-05-25T04:00:00+02:00", "day_end": "2026-05-26T03:59:00+02:00", "rooms": {"Radio": [{"guid": "26258ee4-266f-56fb-aca9-b87bbc40a036", "code": "FDXECS", "id": 355, "logo": null, "date": "2026-05-25T10:00:00+02:00", "start": "10:00", "duration": "01:30", "room": "Radio", "slug": "pfica26-355-fruhstucksshow", "url": "https://programm.pfingst.camp/pfica26/talk/FDXECS/", "title": "Fr\u00fchst\u00fccksshow", "subtitle": "", "track": "Kulturprogramm", "type": "Kulturbeitrag", "language": "de", "abstract": "", "description": "", "recording_license": "", "do_not_record": false, "persons": [{"code": "JDTV3Q", "name": "Jade", "avatar": null, "biography": "Was soll ich sagen? Sie kennen mich.", "public_name": "Jade", "guid": "269920e9-3123-59b2-b857-3f9754080a2c", "url": "https://programm.pfingst.camp/pfica26/speaker/JDTV3Q/"}], "links": [], "feedback_url": "https://programm.pfingst.camp/pfica26/talk/FDXECS/feedback/", "origin_url": "https://programm.pfingst.camp/pfica26/talk/FDXECS/", "attachments": []}]}}]}}}